{"id":5855,"date":"2024-06-14T13:29:28","date_gmt":"2024-06-14T11:29:28","guid":{"rendered":"https:\/\/editorialperegrino.com\/blog\/?p=5855"},"modified":"2024-06-14T13:36:25","modified_gmt":"2024-06-14T11:36:25","slug":"comida-para-llevar2","status":"publish","type":"post","link":"https:\/\/editorialperegrino.com\/blog\/comida-para-llevar2\/","title":{"rendered":"RESE\u00d1A &#8211; Comida para llevar. Devocional diario 2"},"content":{"rendered":"<p lang=\"es-ES\" align=\"justify\"><span style=\"font-family: Calibri, serif;\"><span style=\"font-size: small;\"><span style=\"font-family: Times New Roman, serif;\"><span style=\"font-size: medium;\"><b>Comida para llevar. <\/b><\/span><\/span><span style=\"font-family: Times New Roman, serif;\"><span style=\"font-size: medium;\"><b>Devocional diario 2<\/b><\/span><\/span><\/span><\/span><\/p>\n<p lang=\"es-ES\" align=\"justify\"><span style=\"font-family: Calibri, serif;\"><span style=\"font-size: small;\"><span style=\"font-family: Times New Roman, serif;\"><span style=\"font-size: medium;\">Autor: Luis Cano<\/span><\/span><\/span><\/span><\/p>\n<p lang=\"es-ES\" align=\"justify\"><span style=\"font-family: Calibri, serif;\"><span style=\"font-size: small;\"><span style=\"font-family: Times New Roman, serif;\"><span style=\"font-size: medium;\">Publicado por: Editorial Peregrino, 2022. 372 pp. <\/span><\/span><\/span><\/span><\/p>\n<p class=\"western\" lang=\"es-ES\" align=\"justify\"><b>Rese\u00f1a por: David Vergara<\/b><\/p>\n<p lang=\"es-ES\" align=\"justify\"><span style=\"font-family: Calibri, serif;\"><span style=\"font-size: small;\"><span style=\"font-family: Times New Roman, serif;\"><span style=\"font-size: medium;\">El segundo libro de meditaciones diarias escritas por Luis Cano, quien es pastor de la Iglesia Evang\u00e9lica de Ciudad Real y esposo de la tambi\u00e9n escritora, Pilar Herrera. <\/span><\/span><\/span><\/span><\/p>\n<p lang=\"es-ES\" align=\"justify\"><span style=\"font-family: Calibri, serif;\"><span style=\"font-size: small;\"><span style=\"font-family: Times New Roman, serif;\"><span style=\"font-size: medium;\">Es posible que hayas utilizado diversos libros de devocionales a lo largo de tu vida, pero este se diferencia de los dem\u00e1s, aunque te cueste creerlo. En mi caso, creo que la forma de escribir conecta con la mejor tradici\u00f3n de los salmos b\u00edblicos y, sobre todo, con la manera de expresarse del salmista David. Luis abre su coraz\u00f3n de par en par, y comienza desde la primera p\u00e1gina a la \u00faltima un di\u00e1logo con Dios, donde su conocimiento de las Escrituras sale a relucir continuamente en sus expresiones dadas en primera persona. Es decir, son oraciones b\u00edblicas ba\u00f1adas en el conocimiento de las Escrituras que se traducen en una experiencia humana moldeada por su Creador, Se\u00f1or y Salvador. <\/span><\/span><\/span><\/span><\/p>\n<p lang=\"es-ES\" align=\"justify\"><span style=\"font-family: Calibri, serif;\"><span style=\"font-size: small;\"><span style=\"font-family: Times New Roman, serif;\"><span style=\"font-size: medium;\">El contenido, tanto de los devocionales como de las oraciones, mostrar\u00e1 confesi\u00f3n, gratitud, adoraci\u00f3n y peticiones, intercediendo por el pueblo de Dios y por un mundo que le necesita encarecidamente. Estas oraciones no est\u00e1n exentas de preguntas o perplejidad al igual que en los salmos: \u00abCuando presento el evangelio, \u00bfbusco a los de mi preferencia o lo hago de forma universal? \u00bfMe preocupa o importa que mi iglesia (\u00a1oh, perd\u00f3n, tu iglesia!) se llene de necios, d\u00e9biles o viles? (1 Co 1:26-29). Cuando oro o intercedo por otros, \u00bflo hago por todos y cada uno de los que vienen a mi memoria o hago un filtro en mi coraz\u00f3n? \u00bfHago una selecci\u00f3n de por qu\u00e9 y por qui\u00e9n orar o me gu\u00eda tu Esp\u00edritu y la necesidad concreta?\u00bb (p. 279, 2 octubre, Stg 2:1). En la misma l\u00ednea citamos: \u00ab\u00bfPor qu\u00e9 es tan f\u00e1cil para la gente ser cr\u00e9dulos o incr\u00e9dulos y tan dif\u00edcil ser creyentes? \u00bfPor qu\u00e9 se extiende tanto el dominio de estas bestias que son solo instrumentos de un drag\u00f3n que devora? Tengo temor por los m\u00edos en particular y por todos aquellos que est\u00e1n en sus garras y se dejan poner sus marcas. Pero me haces recapacitar otra vez al volver a leer tu Palabra, me muestras que soy muy torpe, hombre de poca fe, para luego darme nuevo \u00e1nimo y esperanza\u00bb (p. 349, 11 diciembre, Ap 13:15).<\/span><\/span><\/span><\/span><\/p>\n<p lang=\"es-ES\" align=\"justify\"><span style=\"font-family: Calibri, serif;\"><span style=\"font-size: small;\"><span style=\"font-family: Times New Roman, serif;\"><span style=\"font-size: medium;\">La estructura del libro presenta meditaciones del Nuevo Testamento casi en su totalidad, que se ordenan libro a libro, desde Hechos a Apocalipsis, por lo que, aunque son meditaciones de vers\u00edculos sueltos, vamos avanzando en la revelaci\u00f3n divina y tomando la perspectiva b\u00edblica. <\/span><\/span><\/span><\/span><\/p>\n<p lang=\"es-ES\" align=\"justify\"><span style=\"font-family: Calibri, serif;\"><span style=\"font-size: small;\"><span style=\"font-family: Times New Roman, serif;\"><span style=\"font-size: medium;\">Recomendamos este libro, donde la Palabra de Dios y el alma humana se unen para encontrarse con Cristo, por medio del cual ha sido creado el universo, quien sustenta todas las cosas con la palabra de su poder y ha efectuado la purificaci\u00f3n de nuestros pecados por medio de s\u00ed mismo (He 1:1-4).<\/span><\/span><\/span><\/span><\/p>\n<p lang=\"es-ES\" align=\"justify\"><a href=\"https:\/\/editorialperegrino.com\/comida-para-llevar-2-devocional-981.html\" target=\"_blank\" rel=\"noopener\"><strong>Ver el libro AQU\u00cd<\/strong><\/a><\/p>\n","protected":false},"excerpt":{"rendered":"<p>Comida para llevar. Devocional diario 2 Autor: Luis Cano Publicado por: Editorial Peregrino, 2022. 372 pp. Rese\u00f1a por: David Vergara El segundo libro de meditaciones diarias escritas por Luis Cano,&#8230;<\/p>\n","protected":false},"author":1,"featured_media":5856,"comment_status":"open","ping_status":"open","sticky":false,"template":"","format":"standard","meta":{"_links_to":"","_links_to_target":""},"categories":[616],"tags":[554,31,70],"_links":{"self":[{"href":"https:\/\/editorialperegrino.com\/blog\/wp-json\/wp\/v2\/posts\/5855"}],"collection":[{"href":"https:\/\/editorialperegrino.com\/blog\/wp-json\/wp\/v2\/posts"}],"about":[{"href":"https:\/\/editorialperegrino.com\/blog\/wp-json\/wp\/v2\/types\/post"}],"author":[{"embeddable":true,"href":"https:\/\/editorialperegrino.com\/blog\/wp-json\/wp\/v2\/users\/1"}],"replies":[{"embeddable":true,"href":"https:\/\/editorialperegrino.com\/blog\/wp-json\/wp\/v2\/comments?post=5855"}],"version-history":[{"count":3,"href":"https:\/\/editorialperegrino.com\/blog\/wp-json\/wp\/v2\/posts\/5855\/revisions"}],"predecessor-version":[{"id":5859,"href":"https:\/\/editorialperegrino.com\/blog\/wp-json\/wp\/v2\/posts\/5855\/revisions\/5859"}],"wp:featuredmedia":[{"embeddable":true,"href":"https:\/\/editorialperegrino.com\/blog\/wp-json\/wp\/v2\/media\/5856"}],"wp:attachment":[{"href":"https:\/\/editorialperegrino.com\/blog\/wp-json\/wp\/v2\/media?parent=5855"}],"wp:term":[{"taxonomy":"category","embeddable":true,"href":"https:\/\/editorialperegrino.com\/blog\/wp-json\/wp\/v2\/categories?post=5855"},{"taxonomy":"post_tag","embeddable":true,"href":"https:\/\/editorialperegrino.com\/blog\/wp-json\/wp\/v2\/tags?post=5855"}],"curies":[{"name":"wp","href":"https:\/\/api.w.org\/{rel}","templated":true}]}}