{"id":5732,"date":"2024-02-29T18:12:16","date_gmt":"2024-02-29T17:12:16","guid":{"rendered":"https:\/\/editorialperegrino.com\/blog\/?p=5732"},"modified":"2024-02-29T18:16:40","modified_gmt":"2024-02-29T17:16:40","slug":"cumbre-misionera-juvenil-2024","status":"publish","type":"post","link":"https:\/\/editorialperegrino.com\/blog\/cumbre-misionera-juvenil-2024\/","title":{"rendered":"Cumbre Misionera Juvenil 2024"},"content":{"rendered":"<p class=\"western\">El fin de semana pasado asist\u00ed a una conferencia para j\u00f3venes. No es que est\u00e9 negando los a\u00f1os que tengo, ni que pretenda rejuvenecerme por contagio. M\u00e1s bien, quer\u00edamos apoyar desde Peregrino una iniciativa que nos parec\u00eda de suma importancia.<\/p>\n<p class=\"western\">La Cumbre Misionera Juvenil 2024 celebrada en Sevilla fue organizada por la Iglesia Bautista Fe en la misma ciudad, y contaba con conferenciantes de Argentina, Guatemala, el norte de \u00c1frica y Espa\u00f1a. Con temas tan diversos como la teolog\u00eda de las misiones, la formaci\u00f3n necesaria, el mensaje que llevar, la evangelizaci\u00f3n a musulmanes, y el uso evangel\u00edstico de la redes sociales, fue un tiempo de desaf\u00edo para muchos de los j\u00f3venes presentes.<\/p>\n<p class=\"western\">He dicho antes que la cumbre nos parec\u00eda de \u00absuma importancia\u00bb, y quisiera explicar mis palabras.<\/p>\n<p class=\"western\">1) Unas de las \u00faltimas palabras de Jes\u00fas a sus disc\u00edpulos aqu\u00ed en la tierra fueron un mandato de ir y predicar; y Jes\u00fas no ha retirado sus palabras.<\/p>\n<p class=\"western\">2) Cada generaci\u00f3n tiene que enviar obreros a la mies; si no, la obra de proclamaci\u00f3n se para.<\/p>\n<p class=\"western\">3) Sigue habiendo en el mundo tantos lugares donde el evangelio no se oye&#8230; Alguien tiene que ir.<\/p>\n<p class=\"western\">4) La iglesia en Espa\u00f1a que durante tantos a\u00f1os ha recibido misioneros, ahora como muestra de madurez debe estar enviando misioneros a otros lugares.<\/p>\n<p class=\"western\">5) 19 de cada 20 pueblos en Espa\u00f1a carecen de una iglesia evang\u00e9lica propia para proclamar el camino de la salvaci\u00f3n. Hay miles de pueblos en Espa\u00f1a donde puedes nacer, vivir y morir sin que alguien te explique el evangelio.<\/p>\n<p class=\"western\">6) Hay en Espa\u00f1a muchas iglesias que no tiene pastor, o cuyo pastor se va a jubilar dentro de pocos a\u00f1os. Quiera Dios levantar pastores j\u00f3venes para estas congregaciones.<\/p>\n<p class=\"western\">7) Sea Espa\u00f1a u otro lugar, sigue siendo verdad que \u00ab<span style=\"color: #040c28;\">la mies es mucha, mas los obreros pocos\u00bb.<\/span><\/p>\n<p class=\"western\"><span style=\"color: #040c28;\">Quiera Dios permitirnos ver el d\u00eda cuando muchos de los j\u00f3venes que hab\u00eda en Sevilla en 2024 est\u00e9n sirvi\u00e9ndole como pregoneros de las buenas noticias de la salvaci\u00f3n.<\/span><\/p>\n<p>&nbsp;<\/p>\n<p class=\"western\"><em><a href=\"https:\/\/editorialperegrino.com\/las-misiones-685.html\"><span style=\"color: #040c28;\">AQU\u00cd tienes uno de los libros que recomendamos en la cumbre.<\/span><\/a><\/em><\/p>\n","protected":false},"excerpt":{"rendered":"<p>El fin de semana pasado asist\u00ed a una conferencia para j\u00f3venes. No es que est\u00e9 negando los a\u00f1os que tengo, ni que pretenda rejuvenecerme por contagio. M\u00e1s bien, quer\u00edamos apoyar&#8230;<\/p>\n","protected":false},"author":1,"featured_media":5733,"comment_status":"open","ping_status":"open","sticky":false,"template":"","format":"standard","meta":{"_links_to":"","_links_to_target":""},"categories":[5],"tags":[62,15,148,115,136,36,20,118,17,543,615,257,339,59,277,281,298,372],"_links":{"self":[{"href":"https:\/\/editorialperegrino.com\/blog\/wp-json\/wp\/v2\/posts\/5732"}],"collection":[{"href":"https:\/\/editorialperegrino.com\/blog\/wp-json\/wp\/v2\/posts"}],"about":[{"href":"https:\/\/editorialperegrino.com\/blog\/wp-json\/wp\/v2\/types\/post"}],"author":[{"embeddable":true,"href":"https:\/\/editorialperegrino.com\/blog\/wp-json\/wp\/v2\/users\/1"}],"replies":[{"embeddable":true,"href":"https:\/\/editorialperegrino.com\/blog\/wp-json\/wp\/v2\/comments?post=5732"}],"version-history":[{"count":5,"href":"https:\/\/editorialperegrino.com\/blog\/wp-json\/wp\/v2\/posts\/5732\/revisions"}],"predecessor-version":[{"id":5738,"href":"https:\/\/editorialperegrino.com\/blog\/wp-json\/wp\/v2\/posts\/5732\/revisions\/5738"}],"wp:featuredmedia":[{"embeddable":true,"href":"https:\/\/editorialperegrino.com\/blog\/wp-json\/wp\/v2\/media\/5733"}],"wp:attachment":[{"href":"https:\/\/editorialperegrino.com\/blog\/wp-json\/wp\/v2\/media?parent=5732"}],"wp:term":[{"taxonomy":"category","embeddable":true,"href":"https:\/\/editorialperegrino.com\/blog\/wp-json\/wp\/v2\/categories?post=5732"},{"taxonomy":"post_tag","embeddable":true,"href":"https:\/\/editorialperegrino.com\/blog\/wp-json\/wp\/v2\/tags?post=5732"}],"curies":[{"name":"wp","href":"https:\/\/api.w.org\/{rel}","templated":true}]}}