{"id":5714,"date":"2024-02-08T20:15:25","date_gmt":"2024-02-08T19:15:25","guid":{"rendered":"https:\/\/editorialperegrino.com\/blog\/?p=5714"},"modified":"2024-02-08T20:20:49","modified_gmt":"2024-02-08T19:20:49","slug":"artificial-o-real","status":"publish","type":"post","link":"https:\/\/editorialperegrino.com\/blog\/artificial-o-real\/","title":{"rendered":"\u00bfArtificial o real?"},"content":{"rendered":"<p>Si hay un tema que est\u00e1 en labios de todos en el mundo de la tecnolog\u00eda es la inteligencia artificial. Llevo varios a\u00f1os escuchando de sus posibilidades en el negocio de la literatura. La verdad es que mi inteligencia real no es capaz de ver, ni mucho menos entender, las fronteras de la IA.<\/p>\n<p>El otro d\u00eda le\u00ed un art\u00edculo sobre el uso de la IA en el tratamiento de problemas de salud mental. Maria, originalmente de Uzbekist\u00e1n, y ahora afincada en Grecia, est\u00e1 aprovechando esta IA para rellenar huecos en su memoria. Durante la infancia de Mar\u00eda su familia se mudaba muchas veces, incluso entre pa\u00edses. Uno de los resultados de estas mudanzas es que Mar\u00eda no tiene casi ninguna foto de su ni\u00f1ez.<\/p>\n<p>Pero tiene sus recuerdos, aunque algunos son muy vagos. Aprovechando las pocas fotos que tiene y las potentes herramientas de la inteligencia artificial, Maria ha conseguido crear im\u00e1genes fotogr\u00e1ficas de sus recuerdos, im\u00e1genes que, seg\u00fan su madre, se parecen mucho a la realidad.<\/p>\n<p>Pero Maria no se queda ah\u00ed. Hay ciertos recuerdos que no tiene; o por haberse olvidado, o porque son cosas que nunca pasaron. Por ejemplo, nunca celebr\u00f3 un cumplea\u00f1os propio siendo peque\u00f1a. Aun as\u00ed, Maria ha podido crear im\u00e1genes sobre la base de su imaginaci\u00f3n. Ya tiene un \u00e1lbum de fotos de lo que podr\u00eda haber ocurrido en su infancia si las cosas hubiesen sido de otra forma. Sus amigos y familiares ya pueden ver una foto de un viaje imaginario o de una fiesta navide\u00f1a que nunca lleg\u00f3 a celebrarse.<\/p>\n<p>Maria llama a este proceso \u00abim\u00e1genes imaginadas\u00bb, y habla de la \u00absanidad\u00bb \u2014usando sus propias palabras\u2014 que ha experimentado al \u00abreescribir el pasado para dar mejor forma a su futuro\u00bb.<\/p>\n<p>Los creyentes tambi\u00e9n tenemos un problema con nuestro pasado. No encontramos esta obediencia perfecta que Dios demanda de todas sus criaturas. No hemos vivido exclusivamente para la gloria de Dios. En el \u00e1lbum de fotos de nuestra vida de pecado, faltan todas las im\u00e1genes de amor, gozo, paz, paciencia, benignidad, bondad, fe, mansedumbre y templanza. No tenemos memoria de ello porque nunca existi\u00f3.<\/p>\n<p>Y para solucionarlo, Dios no se puso a crear ilusiones, a imaginar c\u00f3mo ser\u00edan las cosas si no hubi\u00e9ramos pecado. No ha creado un Mateo virtual que \u00e9l elige como una nueva realidad. Nuestra salvaci\u00f3n no es una imagen que Dios ha imaginado para nosotros; una imagen que podr\u00eda decidir cambiar o ignorar en cualquier momento. No, la soluci\u00f3n a nuestro pasado, a nuestro pecado, es real y objetiva: la muerte y resurrecci\u00f3n del Se\u00f1or Jesucristo. Dios no imagina que nos ha salvado. No finge que Cristo ha llevado nuestro castigo. Dios no crea una memoria nueva donde nuestras faltas sean sustituidas por justicias virtuales e imaginarias. La <em>realidad<\/em> es que la sangre de Jesucristo su Hijo nos limpia de todo pecado. \u00a1Gloria a su nombre!<\/p>\n","protected":false},"excerpt":{"rendered":"<p>Si hay un tema que est\u00e1 en labios de todos en el mundo de la tecnolog\u00eda es la inteligencia artificial. Llevo varios a\u00f1os escuchando de sus posibilidades en el negocio&#8230;<\/p>\n","protected":false},"author":1,"featured_media":5715,"comment_status":"open","ping_status":"open","sticky":false,"template":"","format":"standard","meta":{"_links_to":"","_links_to_target":""},"categories":[5],"tags":[15,614,612,17,613,106,372],"_links":{"self":[{"href":"https:\/\/editorialperegrino.com\/blog\/wp-json\/wp\/v2\/posts\/5714"}],"collection":[{"href":"https:\/\/editorialperegrino.com\/blog\/wp-json\/wp\/v2\/posts"}],"about":[{"href":"https:\/\/editorialperegrino.com\/blog\/wp-json\/wp\/v2\/types\/post"}],"author":[{"embeddable":true,"href":"https:\/\/editorialperegrino.com\/blog\/wp-json\/wp\/v2\/users\/1"}],"replies":[{"embeddable":true,"href":"https:\/\/editorialperegrino.com\/blog\/wp-json\/wp\/v2\/comments?post=5714"}],"version-history":[{"count":3,"href":"https:\/\/editorialperegrino.com\/blog\/wp-json\/wp\/v2\/posts\/5714\/revisions"}],"predecessor-version":[{"id":5718,"href":"https:\/\/editorialperegrino.com\/blog\/wp-json\/wp\/v2\/posts\/5714\/revisions\/5718"}],"wp:featuredmedia":[{"embeddable":true,"href":"https:\/\/editorialperegrino.com\/blog\/wp-json\/wp\/v2\/media\/5715"}],"wp:attachment":[{"href":"https:\/\/editorialperegrino.com\/blog\/wp-json\/wp\/v2\/media?parent=5714"}],"wp:term":[{"taxonomy":"category","embeddable":true,"href":"https:\/\/editorialperegrino.com\/blog\/wp-json\/wp\/v2\/categories?post=5714"},{"taxonomy":"post_tag","embeddable":true,"href":"https:\/\/editorialperegrino.com\/blog\/wp-json\/wp\/v2\/tags?post=5714"}],"curies":[{"name":"wp","href":"https:\/\/api.w.org\/{rel}","templated":true}]}}