{"id":5676,"date":"2023-12-14T18:04:46","date_gmt":"2023-12-14T17:04:46","guid":{"rendered":"https:\/\/editorialperegrino.com\/blog\/?p=5676"},"modified":"2023-12-14T18:24:13","modified_gmt":"2023-12-14T17:24:13","slug":"ay-de-mi-si-no-predico-el-evangelio","status":"publish","type":"post","link":"https:\/\/editorialperegrino.com\/blog\/ay-de-mi-si-no-predico-el-evangelio\/","title":{"rendered":"\u00a1Ay de mi si no predico el evangelio!"},"content":{"rendered":"<p class=\"western\">\u00abNo hace falta predicar el evangelio hoy, pastor; todos somos creyentes\u00bb.<\/p>\n<p class=\"western\">\u00bfCu\u00e1ntos pastores y predicadores han o\u00eddo, o pensado, algo parecido? Yo, s\u00ed. Pero sigo pensando que es importante predicar el evangelio, pronunciar un serm\u00f3n evangel\u00edstico, aun frente a la falta de inconversos en nuestros cultos. \u00bfPor qu\u00e9?<\/p>\n<p class=\"western\">1) No todo el que dice: Se\u00f1or, Se\u00f1or, entrar\u00e1 en el reino de los cielos. No podemos ver el coraz\u00f3n de todos los que profesan ser creyentes. Hay que predicar el evangelio por los que creen que son salvos sin serlo.<\/p>\n<p class=\"western\">2) Qu\u00e9 mejor forma de afirmar la fe y el conocimiento de los reci\u00e9n convertidos. Seguramente tendr\u00e1n lagunas y su fe es todav\u00eda muy d\u00e9bil. Les recordamos qu\u00e9 han cre\u00eddo.<\/p>\n<p class=\"western\">3) Para todo el pueblo de Dios, debe de ser de \u00e1nimo escuchar de nuevo el evangelio, repasar lo que Cristo hizo en el Calvario, emocionarse al escuchar otra vez de un salvador en una cruz, tanto que quisiera volver a salvarse de nuevo.<\/p>\n<p class=\"western\">4) El ser humano es dado a olvidar, aun algo tan importante como el evangelio. Por eso Cristo nos dej\u00f3 la Cena: Haced esto en memoria de m\u00ed. Escuchar el evangelio predicado refresca la memoria, devuelve el gozo que se ha apagado, inflama ese primer amor.<\/p>\n<p class=\"western\">5) \u00bfQui\u00e9n realmente ha sondeado las profundidades de la gracia de Dios? \u00bfQui\u00e9n de verdad entiende el evangelio, el Dios santo que a trav\u00e9s de la muerte de su Hijo da vida a pecadores moribundos como nosotros? Siempre hay m\u00e1s que aprender, m\u00e1s luz que recibir. Siempre nos quedan muchos momentos m\u00e1s de \u00abWow, nunca lo hab\u00eda pensado as\u00ed antes\u00bb.<\/p>\n<p class=\"western\">No tengamos pues reparo en predicar sermones evangel\u00edsticos, \u00aba tiempo y fuera de tiempo\u00bb. Descansemos de forma regular de nuestras series para predicar el evangelio \u00abpuro y duro\u00bb. \u00a1Igual se animan los hermanos a invitar a sus amigos inconversos a escucharlo!<\/p>\n","protected":false},"excerpt":{"rendered":"<p>\u00abNo hace falta predicar el evangelio hoy, pastor; todos somos creyentes\u00bb. \u00bfCu\u00e1ntos pastores y predicadores han o\u00eddo, o pensado, algo parecido? Yo, s\u00ed. Pero sigo pensando que es importante predicar&#8230;<\/p>\n","protected":false},"author":1,"featured_media":5677,"comment_status":"open","ping_status":"open","sticky":false,"template":"","format":"standard","meta":{"_links_to":"","_links_to_target":""},"categories":[5],"tags":[92,15,136,607,20,106,298,372,327],"_links":{"self":[{"href":"https:\/\/editorialperegrino.com\/blog\/wp-json\/wp\/v2\/posts\/5676"}],"collection":[{"href":"https:\/\/editorialperegrino.com\/blog\/wp-json\/wp\/v2\/posts"}],"about":[{"href":"https:\/\/editorialperegrino.com\/blog\/wp-json\/wp\/v2\/types\/post"}],"author":[{"embeddable":true,"href":"https:\/\/editorialperegrino.com\/blog\/wp-json\/wp\/v2\/users\/1"}],"replies":[{"embeddable":true,"href":"https:\/\/editorialperegrino.com\/blog\/wp-json\/wp\/v2\/comments?post=5676"}],"version-history":[{"count":1,"href":"https:\/\/editorialperegrino.com\/blog\/wp-json\/wp\/v2\/posts\/5676\/revisions"}],"predecessor-version":[{"id":5678,"href":"https:\/\/editorialperegrino.com\/blog\/wp-json\/wp\/v2\/posts\/5676\/revisions\/5678"}],"wp:featuredmedia":[{"embeddable":true,"href":"https:\/\/editorialperegrino.com\/blog\/wp-json\/wp\/v2\/media\/5677"}],"wp:attachment":[{"href":"https:\/\/editorialperegrino.com\/blog\/wp-json\/wp\/v2\/media?parent=5676"}],"wp:term":[{"taxonomy":"category","embeddable":true,"href":"https:\/\/editorialperegrino.com\/blog\/wp-json\/wp\/v2\/categories?post=5676"},{"taxonomy":"post_tag","embeddable":true,"href":"https:\/\/editorialperegrino.com\/blog\/wp-json\/wp\/v2\/tags?post=5676"}],"curies":[{"name":"wp","href":"https:\/\/api.w.org\/{rel}","templated":true}]}}