{"id":5650,"date":"2023-11-16T13:59:18","date_gmt":"2023-11-16T12:59:18","guid":{"rendered":"https:\/\/editorialperegrino.com\/blog\/?p=5650"},"modified":"2023-11-16T14:09:35","modified_gmt":"2023-11-16T13:09:35","slug":"gafas-nuevas","status":"publish","type":"post","link":"https:\/\/editorialperegrino.com\/blog\/gafas-nuevas\/","title":{"rendered":"Gafas nuevas"},"content":{"rendered":"<p class=\"western\">Hace tiempo que llevo gafas. No solo para leer, sino para todo: para larga, corta y media distancia. Hace varios a\u00f1os empec\u00e9 a usar varifocales, y la verdad es que me adapt\u00e9 sin problemas. Leer un libro, usar el ordenador, ver la tele o andar por la calle; todo bien, sin problema.<\/p>\n<p class=\"western\">Pero hace unos meses empec\u00e9 a notar la necesidad de un cambio, por lo que ped\u00ed cita y acud\u00ed a la \u00f3ptica. Me hicieron todos los tests, eleg\u00ed la montura, y a esperar la llegada de las gafas nuevas.<\/p>\n<p class=\"western\">Llega el d\u00eda de recoger los nuevos anteojos, \u00a1y que desilusi\u00f3n! De lejos, bien; para leer un libro, fant\u00e1stico; pero para la pantalla del ordenador, donde paso un m\u00ednimo de 8 horas al d\u00eda, no veo ni torta. Por mucho que mueva los ojos y la cabeza buscando la franja de los cristales que me enfoquen bien las im\u00e1genes, no hay manera. Las letras desenfocadas, los negros muy grises, y mirando siempre con los ojos medio cerrados. Ahora mismo estoy probando un tercer par de cristales para ver si me adapto.<\/p>\n<p class=\"western\">Pensando en ello, me acord\u00e9 anoche de las palabras del ap\u00f3stol Pablo en 1 Corintios 13:12, donde habla de ver de forma imperfecta, cuando por ejemplo usamos un espejo defectuoso, o con muy poca luz. Pablo est\u00e1 recordando a los creyentes en Corinto que aqu\u00ed en la tierra nuestro conocimiento es limitado, no percibimos las cosas bien. Es que somos seres humanos que intentan comprender las cosas espirituales. Y simplemente no llegamos.<\/p>\n<p class=\"western\">Funcionamos como seres sensoriales: los cinco sentidos nos gu\u00edan. \u00bfPero c\u00f3mo percibimos a un ser que es esp\u00edritu, o a un mundo no f\u00edsico? Somos seres l\u00f3gicos y lo que impera es la raz\u00f3n. \u00bfPero c\u00f3mo podemos comprender un evangelio de gracia y misericordia que desaf\u00eda todas las reglas del sentido com\u00fan? Leemos nuestras biblias, pero no nos entra, no vemos con claridad. Las verdades ah\u00ed no terminan de quedarnos n\u00edtidas, hay cierta falta de enfoque, no se definen bien todas las l\u00edneas.<\/p>\n<p class=\"western\">Creo que esto me est\u00e1 ense\u00f1ando la necesidad de aplicar un poco m\u00e1s de humildad. Es verdad que tenemos que tener convicciones claras, soy el primero en defenderlo. Pero a la hora de hablar con otros creyentes, de interactuar con hermanos de otras l\u00edneas teol\u00f3gicas, \u00bfno es verdad que tendemos a hablar como si nuestra postura fuera la \u00fanica aceptable? Hablamos como si nuestra visi\u00f3n de las cosas fuera la correcta, dando a entender que nosotros s\u00ed tenemos la vista al 100 por 100, y pobres de los dem\u00e1s que no ven las cosas bien. Ojal\u00e1 pasasen por la \u00f3ptica teol\u00f3gica para ponerse gafas como las m\u00edas para ver la verdad que yo veo perfectamente.<\/p>\n<p class=\"western\">Yo soy calvinista, reformado, cesacionista, amilenarista y creacionista, entre muchas otras cosas, y por convicci\u00f3n. Pero que Dios me guarde de pensar que lo que yo he visto y como lo he visto es la \u00fanica forma de entender las cosas aqu\u00ed en la tierra. No, aqu\u00ed mis gafas del mundo, por definici\u00f3n, me pueden fallar, me pueden dejar gui\u00f1ando los ojos para percibir y comprender lo que veo.<\/p>\n<p class=\"western\"><em>Se\u00f1or, con todas mis convicciones b\u00edblicas, ay\u00fadame a evitar el orgullo de pensar y actuar como si mi punto de vista, mi forma de ver las cosas tuyas, fuera la \u00fanica, la correcta, la aut\u00e9ntica. Y gracias, Dios, porque me espera aquel d\u00eda cuando ver\u00e9 todo bien, cuando seguramente todos nos llevaremos alguna sorpresa, y todos juntos diremos con l\u00e1grimas en los ojos: \u00a1Ahora lo veo! \u00a1Gloria a Dios!<\/em><\/p>\n","protected":false},"excerpt":{"rendered":"<p>Hace tiempo que llevo gafas. No solo para leer, sino para todo: para larga, corta y media distancia. Hace varios a\u00f1os empec\u00e9 a usar varifocales, y la verdad es que&#8230;<\/p>\n","protected":false},"author":1,"featured_media":5654,"comment_status":"open","ping_status":"open","sticky":false,"template":"","format":"standard","meta":{"_links_to":"","_links_to_target":""},"categories":[5],"tags":[14,250,90,220,15,18,136,598,110,597,258],"_links":{"self":[{"href":"https:\/\/editorialperegrino.com\/blog\/wp-json\/wp\/v2\/posts\/5650"}],"collection":[{"href":"https:\/\/editorialperegrino.com\/blog\/wp-json\/wp\/v2\/posts"}],"about":[{"href":"https:\/\/editorialperegrino.com\/blog\/wp-json\/wp\/v2\/types\/post"}],"author":[{"embeddable":true,"href":"https:\/\/editorialperegrino.com\/blog\/wp-json\/wp\/v2\/users\/1"}],"replies":[{"embeddable":true,"href":"https:\/\/editorialperegrino.com\/blog\/wp-json\/wp\/v2\/comments?post=5650"}],"version-history":[{"count":4,"href":"https:\/\/editorialperegrino.com\/blog\/wp-json\/wp\/v2\/posts\/5650\/revisions"}],"predecessor-version":[{"id":5655,"href":"https:\/\/editorialperegrino.com\/blog\/wp-json\/wp\/v2\/posts\/5650\/revisions\/5655"}],"wp:featuredmedia":[{"embeddable":true,"href":"https:\/\/editorialperegrino.com\/blog\/wp-json\/wp\/v2\/media\/5654"}],"wp:attachment":[{"href":"https:\/\/editorialperegrino.com\/blog\/wp-json\/wp\/v2\/media?parent=5650"}],"wp:term":[{"taxonomy":"category","embeddable":true,"href":"https:\/\/editorialperegrino.com\/blog\/wp-json\/wp\/v2\/categories?post=5650"},{"taxonomy":"post_tag","embeddable":true,"href":"https:\/\/editorialperegrino.com\/blog\/wp-json\/wp\/v2\/tags?post=5650"}],"curies":[{"name":"wp","href":"https:\/\/api.w.org\/{rel}","templated":true}]}}