{"id":5450,"date":"2023-06-01T22:46:32","date_gmt":"2023-06-01T20:46:32","guid":{"rendered":"https:\/\/editorialperegrino.com\/blog\/?p=5450"},"modified":"2023-06-02T13:14:29","modified_gmt":"2023-06-02T11:14:29","slug":"wayne-andersen-hasta-pronto-amigo","status":"publish","type":"post","link":"https:\/\/editorialperegrino.com\/blog\/wayne-andersen-hasta-pronto-amigo\/","title":{"rendered":"Wayne Andersen &#8211; Hasta pronto, amigo"},"content":{"rendered":"<p class=\"western\">Ayer, mi\u00e9rcoles d\u00eda 31 de mayo, nos sorprendi\u00f3 a todos los que pertenecemos al mundo editorial evang\u00e9lico en castellano la inesperada noticia del fallecimiento de Wayne Andersen, director de Publicaciones Faro de Gracia.<\/p>\n<p class=\"western\">Impresor de carrera, Wayne lleg\u00f3 a M\u00e9xico en 1993 con una imprenta cargada en su camioneta, y con la firme convicci\u00f3n de que Latinoam\u00e9rica necesitaba literatura sana de tradici\u00f3n reformada. As\u00ed naci\u00f3 Faro de Gracia, y 30 a\u00f1os despu\u00e9s es una de las principales editoriales de literatura reformada en castellano.<\/p>\n<p class=\"western\">Yo conoc\u00ed a Wayne por primera vez a trav\u00e9s de un correo electr\u00f3nico, en mis tiempos de becario en Peregrino. Siempre gentil, siempre buscando el bien de la literatura. Desde hace a\u00f1os los libros de Peregrino est\u00e1n en el cat\u00e1logo de Faro de Gracia, y los libros de Faro en el de Peregrino. Wayne no ve\u00eda a Peregrino como la competencia, sino como un compa\u00f1ero de armas en la lucha com\u00fan.<\/p>\n<p class=\"western\">Cuando m\u00e1s llegu\u00e9 a conocer a Wayne fue en nuestro viaje a Cuba en 2019, junto con el pastor Luis Cano. Por un problema de papeles, Luis y yo casi perdimos el avi\u00f3n en Miami. No hab\u00edamos visto a Wayne en el aeropuerto y los m\u00f3viles no conectaban. Pero al subir al avi\u00f3n y escuchar el cierre de la puerta detr\u00e1s de nosotros, ah\u00ed en primera fila estaba Wayne, y con una gran sonrisa nos dijo: \u00abYa sab\u00eda que llegabais\u00bb. Un hombre tranquilo que iba a su aire.<\/p>\n<p class=\"western\">Pasamos quince d\u00edas juntos en Cuba, dando conferencias y predicando en distintas iglesias desde el extremo Este de la isla hasta La Habana. Compartimos p\u00falpito, coche y mesa. Recuerdo una noche en especial, despu\u00e9s de un largo d\u00eda de predicar tres veces cada uno, sentarnos en una terraza de la segunda planta de un restaurante, mirando al Caribe mientras el sol se desvanec\u00eda. No hab\u00eda apenas elecci\u00f3n de platos, pero no faltaron ni las risas ni la conversaci\u00f3n.<\/p>\n<p class=\"western\">Y, casi siempre, la conversaci\u00f3n volv\u00eda al tema de c\u00f3mo pod\u00edamos ayudar a los hermanos de Cuba, la Iglesia all\u00ed, \u00e9l siempre convencido de que la mejor ayuda que pod\u00edamos dar era la literatura sana y reformada. En este viaje, tanto Faro de Gracia como Peregrino regalamos libros a los que asistieron a las conferencias. Y en este viaje se concret\u00f3 el plan de un fondo de libros impresos en Cuba a precios cubanos (en muchos casos regalados) que ahora opera Peregrino junto con Faro de Gracia.<\/p>\n<p class=\"western\">As\u00ed era Wayne Andersen, un hombre generoso. Cuando se enter\u00f3 de que Peregrino patrocinaba la conferencia Pasi\u00f3n por el Evangelio, me dijo \u00ab\u00bfC\u00f3mo puedo ayudar?\u00bb; y el resultado fue libros de Faro de Gracia para regalar a todos los asistentes.<\/p>\n<p class=\"western\">Wayne Andersen era mi amigo. Era amigo de Cuba. Era amigo de la literatura reformada. Pero, por encima de todo, era amigo de Dios, y le sirvi\u00f3 hasta su \u00faltimo d\u00eda. Doy gracias por el inmenso privilegio de haberle conocido, de haber compartido momentos tan entra\u00f1ables con \u00e9l; y anhelo aquel d\u00eda cuando vuelva a verle, en aquella tierra donde nunca se pone el sol, en la mesa abundante que el Se\u00f1or tendr\u00e1 puesta para nosotros, y juntos alabaremos a nuestro Se\u00f1or y Salvador.<\/p>\n","protected":false},"excerpt":{"rendered":"<p>Ayer, mi\u00e9rcoles d\u00eda 31 de mayo, nos sorprendi\u00f3 a todos los que pertenecemos al mundo editorial evang\u00e9lico en castellano la inesperada noticia del fallecimiento de Wayne Andersen, director de Publicaciones&#8230;<\/p>\n","protected":false},"author":1,"featured_media":5453,"comment_status":"open","ping_status":"open","sticky":false,"template":"","format":"standard","meta":{"_links_to":"","_links_to_target":""},"categories":[5],"tags":[119,148,577,20,118,129,73,578],"_links":{"self":[{"href":"https:\/\/editorialperegrino.com\/blog\/wp-json\/wp\/v2\/posts\/5450"}],"collection":[{"href":"https:\/\/editorialperegrino.com\/blog\/wp-json\/wp\/v2\/posts"}],"about":[{"href":"https:\/\/editorialperegrino.com\/blog\/wp-json\/wp\/v2\/types\/post"}],"author":[{"embeddable":true,"href":"https:\/\/editorialperegrino.com\/blog\/wp-json\/wp\/v2\/users\/1"}],"replies":[{"embeddable":true,"href":"https:\/\/editorialperegrino.com\/blog\/wp-json\/wp\/v2\/comments?post=5450"}],"version-history":[{"count":1,"href":"https:\/\/editorialperegrino.com\/blog\/wp-json\/wp\/v2\/posts\/5450\/revisions"}],"predecessor-version":[{"id":5452,"href":"https:\/\/editorialperegrino.com\/blog\/wp-json\/wp\/v2\/posts\/5450\/revisions\/5452"}],"wp:featuredmedia":[{"embeddable":true,"href":"https:\/\/editorialperegrino.com\/blog\/wp-json\/wp\/v2\/media\/5453"}],"wp:attachment":[{"href":"https:\/\/editorialperegrino.com\/blog\/wp-json\/wp\/v2\/media?parent=5450"}],"wp:term":[{"taxonomy":"category","embeddable":true,"href":"https:\/\/editorialperegrino.com\/blog\/wp-json\/wp\/v2\/categories?post=5450"},{"taxonomy":"post_tag","embeddable":true,"href":"https:\/\/editorialperegrino.com\/blog\/wp-json\/wp\/v2\/tags?post=5450"}],"curies":[{"name":"wp","href":"https:\/\/api.w.org\/{rel}","templated":true}]}}