{"id":5436,"date":"2023-05-10T17:17:52","date_gmt":"2023-05-10T15:17:52","guid":{"rendered":"https:\/\/editorialperegrino.com\/blog\/?p=5436"},"modified":"2023-05-10T17:17:52","modified_gmt":"2023-05-10T15:17:52","slug":"gracias","status":"publish","type":"post","link":"https:\/\/editorialperegrino.com\/blog\/gracias\/","title":{"rendered":"\u00a1Gracias!"},"content":{"rendered":"<p>Es de bien nacidos ser agradecidos. O, por lo menos, as\u00ed dice el refr\u00e1n espa\u00f1ol. Y sin ninguna pretensi\u00f3n de presumir de bien nacidos, queremos, <strong>desde Editorial Peregrino<\/strong>, dar gracias por el buen d\u00eda que disfrutamos el s\u00e1bado pasado en nuestra conferencia anual.<\/p>\n<p>Muchas gracias <strong>a Jos\u00e9 de Segovia<\/strong>. Le hab\u00edamos pedido que nos hablara de \u00abEl Libro y los libros\u00bb, y es justo lo que hizo con su estilo inimitable. Primero, centr\u00e1ndose en la Palabra de Dios, su esencia, sus caracter\u00edsticas, su poder y su singularidad; y luego, dirigi\u00e9ndonos hacia los libros, y especialmente los comentarios, que nos sirven de ayuda para conocer y comprender mejor lo que Dios ha querido revelarnos en su Palabra.<\/p>\n<p>Muchas gracias <strong>a los trabajadores de Editorial Peregrino<\/strong>, por su gran esfuerzo antes, durante y despu\u00e9s del evento. La mesa de libros de 8 metros de largo, la gran selecci\u00f3n de t\u00edtulos disponibles, y la manera de atender a todos fue un testimonio de la dedicaci\u00f3n de Saray, Raquel y Eva.<\/p>\n<p>Muchas gracias <strong>a los voluntarios<\/strong>, mayormente de mi iglesia local de la calle Santa Teresa en Ciudad Real. Sin ellos no habr\u00edamos tenido sonido, grabaciones, caf\u00e9 y bollos, ni cuidado de los ni\u00f1os.<\/p>\n<p>Muchas gracias, por supuesto, <strong>a los hermanos que asistieron<\/strong>, unas 110 personas si no me equivoco. Muchos de Ciudad Real y La Mancha, bastantes de Madrid, e incluso dos de tierras catalanas. Como dije en mi presentaci\u00f3n, para nosotros la conferencia es como un d\u00eda en familia, un d\u00eda de estar juntos con otros que aprecian a Peregrino y los buenos libros. Gracias por el esfuerzo de juntarse con nosotros.<\/p>\n<p>Muchas gracias <strong>a los hermanos de la Iglesia Cristiana Evang\u00e9lica \u00abLa Roca\u00bb<\/strong> que un a\u00f1o m\u00e1s nos cedieron su local espacioso para reunirnos a nuestras anchas.<\/p>\n<p>Y en \u00faltimo lugar, que realmente es el primer lugar, <strong>gracias al Se\u00f1or<\/strong> por hacer que el d\u00eda fuera mucho m\u00e1s que una mera conferencia a secas. No solo escuchamos, sino que fuimos exhortado por el Esp\u00edritu de Dios. No solo cantamos, sino que adoramos a Dios en esp\u00edritu y en verdad. No solo nos juntamos con personas con el mismo inter\u00e9s, sino disfrutamos de la dulce comuni\u00f3n con otros hermanos en la fe.<\/p>\n<p>P. D.: Pronto estar\u00e1n disponibles las grabaciones de las conferencias para los que no pudieron disfrutar de ellas en directo.<\/p>\n","protected":false},"excerpt":{"rendered":"<p>Es de bien nacidos ser agradecidos. O, por lo menos, as\u00ed dice el refr\u00e1n espa\u00f1ol. Y sin ninguna pretensi\u00f3n de presumir de bien nacidos, queremos, desde Editorial Peregrino, dar gracias&#8230;<\/p>\n","protected":false},"author":1,"featured_media":5439,"comment_status":"open","ping_status":"open","sticky":false,"template":"","format":"standard","meta":{"_links_to":"","_links_to_target":""},"categories":[5],"tags":[14,62,90,148,129,67,73,258,66],"_links":{"self":[{"href":"https:\/\/editorialperegrino.com\/blog\/wp-json\/wp\/v2\/posts\/5436"}],"collection":[{"href":"https:\/\/editorialperegrino.com\/blog\/wp-json\/wp\/v2\/posts"}],"about":[{"href":"https:\/\/editorialperegrino.com\/blog\/wp-json\/wp\/v2\/types\/post"}],"author":[{"embeddable":true,"href":"https:\/\/editorialperegrino.com\/blog\/wp-json\/wp\/v2\/users\/1"}],"replies":[{"embeddable":true,"href":"https:\/\/editorialperegrino.com\/blog\/wp-json\/wp\/v2\/comments?post=5436"}],"version-history":[{"count":1,"href":"https:\/\/editorialperegrino.com\/blog\/wp-json\/wp\/v2\/posts\/5436\/revisions"}],"predecessor-version":[{"id":5438,"href":"https:\/\/editorialperegrino.com\/blog\/wp-json\/wp\/v2\/posts\/5436\/revisions\/5438"}],"wp:featuredmedia":[{"embeddable":true,"href":"https:\/\/editorialperegrino.com\/blog\/wp-json\/wp\/v2\/media\/5439"}],"wp:attachment":[{"href":"https:\/\/editorialperegrino.com\/blog\/wp-json\/wp\/v2\/media?parent=5436"}],"wp:term":[{"taxonomy":"category","embeddable":true,"href":"https:\/\/editorialperegrino.com\/blog\/wp-json\/wp\/v2\/categories?post=5436"},{"taxonomy":"post_tag","embeddable":true,"href":"https:\/\/editorialperegrino.com\/blog\/wp-json\/wp\/v2\/tags?post=5436"}],"curies":[{"name":"wp","href":"https:\/\/api.w.org\/{rel}","templated":true}]}}