{"id":5154,"date":"2022-10-31T09:22:02","date_gmt":"2022-10-31T08:22:02","guid":{"rendered":"https:\/\/editorialperegrino.com\/blog\/?p=5154"},"modified":"2022-10-31T13:31:06","modified_gmt":"2022-10-31T12:31:06","slug":"reforma-protestante-por-que-celebrar","status":"publish","type":"post","link":"https:\/\/editorialperegrino.com\/blog\/reforma-protestante-por-que-celebrar\/","title":{"rendered":"\u00bfCelebramos el D\u00eda de la Reforma?"},"content":{"rendered":"<h2><strong>\u00bfPor qu\u00e9 celebrar el D\u00eda de la Reforma Protestante?<\/strong><\/h2>\n<p align=\"justify\">Muchas veces, normalmente por estas fechas, me han hecho esta pregunta: \u00bfPor qu\u00e9 celebrar el D\u00eda de la Reforma? Y es una pregunta que me hacen no los inconversos, sino otros hermanos en la fe. Podr\u00eda ser una pregunta expl\u00edcita con las palabras textuales que aparecen arriba; o una pregunta impl\u00edcita. Impl\u00edcita en la falta de inter\u00e9s, en no asistir a ninguna celebraci\u00f3n donde la haya, o simplemente ir a hacer otra cosa como si asistir a un culto m\u00e1s fuera malgastar una fiesta que el calendario nos ha regalado.<\/p>\n<p align=\"justify\">Hace unos a\u00f1os, en un blog m\u00e1s extenso en esta p\u00e1gina, escrib\u00ed el siguiente p\u00e1rrafo como respuesta parcial a nuestra pregunta:<\/p>\n<p align=\"justify\"><em>\u00bfSigue siendo necesario celebrar un acontecimiento que ocurri\u00f3 hace tantos a\u00f1os? Mi convicci\u00f3n es que s\u00ed. Los que har\u00edan tal pregunta celebran la Navidad y en menor medida la Semana Santa, ocurridas hace dos mil a\u00f1os, as\u00ed que \u00bfpor qu\u00e9 no la Reforma que fue hace cosa de \u00absolo\u00bb 500 a\u00f1os? Es que las Escrituras nos muestran un pueblo que recordaba los grandes hechos de Dios: la Pascua, las doce piedras sacadas del Jord\u00e1n, la Fiesta de Purim en Ester y por supuesto la Cena del Se\u00f1or. Somos un pueblo con memoria, y cuando Dios hace algo maravilloso tenemos que recordarlo. Por supuesto, damos gracias a Dios por las personas envueltas en la Reforma, pero por encima de todo, recordamos lo que Dios hizo. A un mundo cuya religi\u00f3n cristiana hab\u00eda perdido el norte, cuyo mensaje no salvar\u00eda a nadie, Dios mand\u00f3 su bendici\u00f3n. Intervino Dios de una manera milagrosa y a una escala tan grande que cambi\u00f3 el curso de la historia. El impacto de la Reforma protestante solo se ve superado en la historia por la encarnaci\u00f3n, vida, muerte y resurrecci\u00f3n de nuestro Se\u00f1or Jesucristo. Sugiero que aquel que no diga \u00abam\u00e9n\u00bb a esta \u00faltima declaraci\u00f3n no ha entendido lo que realmente pas\u00f3 en los tiempos de Wycliffe, Hus, Lutero, Calvino, Juan de Vald\u00e9s y Casiodoro de Reina.<\/em><\/p>\n<p align=\"justify\">Seguramente tendr\u00e1s tu propia respuesta; h\u00e1znoslo saber en los comentarios. Y si tuvieras alguna duda, quiz\u00e1s el libro <strong><em><a href=\"https:\/\/editorialperegrino.com\/doctrina-y-teologia\/624-la-reforma-y-su-relevancia-hoy.html\"><span style=\"color: #000080;\"><u>La <\/u><u>Reforma y su relevancia hoy<\/u><\/span><\/a><\/em><\/strong>\u00a0 te podr\u00eda ser \u00fatil.<\/p>\n","protected":false},"excerpt":{"rendered":"<p>\u00bfPor qu\u00e9 celebrar el D\u00eda de la Reforma Protestante? Muchas veces, normalmente por estas fechas, me han hecho esta pregunta: \u00bfPor qu\u00e9 celebrar el D\u00eda de la Reforma? Y es&#8230;<\/p>\n","protected":false},"author":1919,"featured_media":5158,"comment_status":"open","ping_status":"open","sticky":false,"template":"","format":"standard","meta":{"_links_to":"","_links_to_target":""},"categories":[5],"tags":[550,425,260,551,552,234,549,261],"_links":{"self":[{"href":"https:\/\/editorialperegrino.com\/blog\/wp-json\/wp\/v2\/posts\/5154"}],"collection":[{"href":"https:\/\/editorialperegrino.com\/blog\/wp-json\/wp\/v2\/posts"}],"about":[{"href":"https:\/\/editorialperegrino.com\/blog\/wp-json\/wp\/v2\/types\/post"}],"author":[{"embeddable":true,"href":"https:\/\/editorialperegrino.com\/blog\/wp-json\/wp\/v2\/users\/1919"}],"replies":[{"embeddable":true,"href":"https:\/\/editorialperegrino.com\/blog\/wp-json\/wp\/v2\/comments?post=5154"}],"version-history":[{"count":11,"href":"https:\/\/editorialperegrino.com\/blog\/wp-json\/wp\/v2\/posts\/5154\/revisions"}],"predecessor-version":[{"id":5167,"href":"https:\/\/editorialperegrino.com\/blog\/wp-json\/wp\/v2\/posts\/5154\/revisions\/5167"}],"wp:featuredmedia":[{"embeddable":true,"href":"https:\/\/editorialperegrino.com\/blog\/wp-json\/wp\/v2\/media\/5158"}],"wp:attachment":[{"href":"https:\/\/editorialperegrino.com\/blog\/wp-json\/wp\/v2\/media?parent=5154"}],"wp:term":[{"taxonomy":"category","embeddable":true,"href":"https:\/\/editorialperegrino.com\/blog\/wp-json\/wp\/v2\/categories?post=5154"},{"taxonomy":"post_tag","embeddable":true,"href":"https:\/\/editorialperegrino.com\/blog\/wp-json\/wp\/v2\/tags?post=5154"}],"curies":[{"name":"wp","href":"https:\/\/api.w.org\/{rel}","templated":true}]}}