{"id":4931,"date":"2019-03-23T10:30:30","date_gmt":"2019-03-23T10:30:30","guid":{"rendered":"http:\/\/editorialperegrino.com\/?p=4931"},"modified":"2019-03-23T10:30:30","modified_gmt":"2019-03-23T10:30:30","slug":"como-vas-a-la-iglesia","status":"publish","type":"post","link":"https:\/\/editorialperegrino.com\/blog\/como-vas-a-la-iglesia\/","title":{"rendered":"\u00bfC\u00f3mo vas a la iglesia?"},"content":{"rendered":"<p style=\"font-weight: 400;\">\u00bfC\u00f3mo vas a la iglesia?<\/p>\n<p style=\"font-weight: 400;\">Algunos\u00a0vamos en coche. Los hay que usan el metro o el autob\u00fas. Algunos acuden a la iglesia en bici o a pie.\u00a0 Y seguramente en m\u00e1s de una ocasi\u00f3n nos hemos quejado.\u00a0 Vamos andando o en bici, y la lluvia nos molesta. Vamos en coche y no podemos llegar bien y a tiempo, porque han cortado las calles. Vamos en el transporte p\u00fablico, y cuando hay mucha gente, tenemos que estar de pie. Incluso, a veces, si no encontramos una manera c\u00f3moda de llegar a la iglesia, nos quedamos en casa.<\/p>\n<p style=\"font-weight: 400;\">\n<p style=\"font-weight: 400;\">Hoy estamos en una iglesia grande, con m\u00e1s de mil miembros, repartidos por la ciudad.\u00a0 Para ayudar a la gente a llegar, tiene su propio transporte: un cami\u00f3n de 70 a\u00f1os que atr\u00e1s tiene una caja de chapa con puertas y ventanas. Y as\u00ed la gente llega a la iglesia, de pie en un cami\u00f3n viejo y sucio, y sin aire acondicionado.<\/p>\n<p style=\"font-weight: 400;\">\n<p style=\"font-weight: 400;\">Me recuerda a la imagen que encontr\u00e9 en el parking de la iglesia el domingo pasado en Velasco. Muchas bicicletas, dos motos y un carro de caballo. Cualquier medio para llegar a la iglesia.<\/p>\n<p style=\"font-weight: 400;\">\n<p style=\"font-weight: 400;\">Y esto me reta. \u00a1Cu\u00e1ntas veces me quejo si tengo problemas a la hora de llegar al culto! \u00bfCu\u00e1ntos se quedan en casa porque est\u00e1 lloviendo, o porque tendr\u00edan que ir a pie? Es decir, \u00bfcu\u00e1nto quiero llegar a la iglesia?<\/p>\n<p style=\"font-weight: 400;\">\n<p style=\"font-weight: 400;\">Mateo<\/p>\n","protected":false},"excerpt":{"rendered":"<p>\u00bfC\u00f3mo vas a la iglesia? Algunos\u00a0vamos en coche. Los hay que usan el metro o el autob\u00fas. Algunos acuden a la iglesia en bici o a pie.\u00a0 Y seguramente en&#8230;<\/p>\n","protected":false},"author":4,"featured_media":4932,"comment_status":"open","ping_status":"open","sticky":false,"template":"","format":"standard","meta":{"_links_to":"","_links_to_target":""},"categories":[5],"tags":[],"_links":{"self":[{"href":"https:\/\/editorialperegrino.com\/blog\/wp-json\/wp\/v2\/posts\/4931"}],"collection":[{"href":"https:\/\/editorialperegrino.com\/blog\/wp-json\/wp\/v2\/posts"}],"about":[{"href":"https:\/\/editorialperegrino.com\/blog\/wp-json\/wp\/v2\/types\/post"}],"author":[{"embeddable":true,"href":"https:\/\/editorialperegrino.com\/blog\/wp-json\/wp\/v2\/users\/4"}],"replies":[{"embeddable":true,"href":"https:\/\/editorialperegrino.com\/blog\/wp-json\/wp\/v2\/comments?post=4931"}],"version-history":[{"count":0,"href":"https:\/\/editorialperegrino.com\/blog\/wp-json\/wp\/v2\/posts\/4931\/revisions"}],"wp:featuredmedia":[{"embeddable":true,"href":"https:\/\/editorialperegrino.com\/blog\/wp-json\/wp\/v2\/media\/4932"}],"wp:attachment":[{"href":"https:\/\/editorialperegrino.com\/blog\/wp-json\/wp\/v2\/media?parent=4931"}],"wp:term":[{"taxonomy":"category","embeddable":true,"href":"https:\/\/editorialperegrino.com\/blog\/wp-json\/wp\/v2\/categories?post=4931"},{"taxonomy":"post_tag","embeddable":true,"href":"https:\/\/editorialperegrino.com\/blog\/wp-json\/wp\/v2\/tags?post=4931"}],"curies":[{"name":"wp","href":"https:\/\/api.w.org\/{rel}","templated":true}]}}