{"id":4927,"date":"2019-03-22T08:33:53","date_gmt":"2019-03-22T08:33:53","guid":{"rendered":"http:\/\/editorialperegrino.com\/?p=4927"},"modified":"2019-03-22T08:33:53","modified_gmt":"2019-03-22T08:33:53","slug":"cada-dia-aprendo-mas-sobre-cuba","status":"publish","type":"post","link":"https:\/\/editorialperegrino.com\/blog\/cada-dia-aprendo-mas-sobre-cuba\/","title":{"rendered":"Cada d\u00eda aprendo m\u00e1s sobre Cuba"},"content":{"rendered":"<p style=\"font-weight: 400;\">Cada d\u00eda aprendo m\u00e1s sobre Cuba. M\u00e1s sobre sus costumbres, su historia, y el mundo evang\u00e9lico aqu\u00ed.<\/p>\n<p style=\"font-weight: 400;\">Un cosa que nos han se\u00f1alado, y hemos visto la prueba de ello en nuestros pocos d\u00edas aqu\u00ed, es el fuerte denominacionalismo. Hay muchas denominaciones, algunas de ellas muy grandes, y otras m\u00e1s peque\u00f1as. Algunas denominaciones que reflejan una denominaci\u00f3n madre en el extranjero, normalmente Los Estados Unidos, y otros grupos m\u00e1s aut\u00f3ctonos.<\/p>\n<p style=\"font-weight: 400;\">Algo\u00a0que parecen tener en com\u00fan es no tener mucha facilidad trabajar juntos. Y eso me choca. No es que sea yo ecum\u00e9nico, ni mucho menos. Pero s\u00ed estoy acostumbrado a reunirme con pastores fieles de otros grupos y denominaciones para la comuni\u00f3n, y juntarnos como iglesias de vez en cundo para alguna cosa especial.<\/p>\n<p style=\"font-weight: 400;\">Por eso, fue una gozada hoy reunirnos en un templo de una de las denominaciones m\u00e1s grandes de la isla, y descubrir que entre los 122 asistentes hab\u00eda asistencia de unos 9 denominaciones diferentes. Pastores de diferentes grupos que quer\u00edan simplemente estar juntos para aprender y mejorar su ministerio pastoral.<\/p>\n<p style=\"font-weight: 400;\">\n<p style=\"font-weight: 400;\"><em>\u00a1Mirad cu\u00e1n bueno y cu\u00e1n delicioso es<\/em><\/p>\n<p style=\"font-weight: 400;\"><em>Habitar los hermanos en armon\u00eda!<\/em><\/p>\n<p style=\"font-weight: 400;\"><em>Es como el buen \u00f3leo sobre la cabeza,<\/em><\/p>\n<p style=\"font-weight: 400;\"><em>El cual desciende sobre la barba,<\/em><\/p>\n<p style=\"font-weight: 400;\"><em>La barba de Aar\u00f3n,<\/em><\/p>\n<p style=\"font-weight: 400;\"><em>Y baja hasta el borde de sus vestiduras;<\/em><\/p>\n<p style=\"font-weight: 400;\"><em>Como el roc\u00edo de Herm\u00f3n,<\/em><\/p>\n<p style=\"font-weight: 400;\"><em>Que desciende sobre los montes de Si\u00f3n;<\/em><\/p>\n<p style=\"font-weight: 400;\"><em>Porque all\u00ed env\u00eda Jehov\u00e1 bendici\u00f3n<\/em><\/p>\n<p style=\"font-weight: 400;\"><em>Y vida eterna.<\/em><\/p>\n<p style=\"font-weight: 400;\">\n<p style=\"font-weight: 400;\">Mateo<\/p>\n","protected":false},"excerpt":{"rendered":"<p>Cada d\u00eda aprendo m\u00e1s sobre Cuba. M\u00e1s sobre sus costumbres, su historia, y el mundo evang\u00e9lico aqu\u00ed. Un cosa que nos han se\u00f1alado, y hemos visto la prueba de ello&#8230;<\/p>\n","protected":false},"author":4,"featured_media":4928,"comment_status":"open","ping_status":"open","sticky":false,"template":"","format":"standard","meta":{"_links_to":"","_links_to_target":""},"categories":[5],"tags":[],"_links":{"self":[{"href":"https:\/\/editorialperegrino.com\/blog\/wp-json\/wp\/v2\/posts\/4927"}],"collection":[{"href":"https:\/\/editorialperegrino.com\/blog\/wp-json\/wp\/v2\/posts"}],"about":[{"href":"https:\/\/editorialperegrino.com\/blog\/wp-json\/wp\/v2\/types\/post"}],"author":[{"embeddable":true,"href":"https:\/\/editorialperegrino.com\/blog\/wp-json\/wp\/v2\/users\/4"}],"replies":[{"embeddable":true,"href":"https:\/\/editorialperegrino.com\/blog\/wp-json\/wp\/v2\/comments?post=4927"}],"version-history":[{"count":0,"href":"https:\/\/editorialperegrino.com\/blog\/wp-json\/wp\/v2\/posts\/4927\/revisions"}],"wp:featuredmedia":[{"embeddable":true,"href":"https:\/\/editorialperegrino.com\/blog\/wp-json\/wp\/v2\/media\/4928"}],"wp:attachment":[{"href":"https:\/\/editorialperegrino.com\/blog\/wp-json\/wp\/v2\/media?parent=4927"}],"wp:term":[{"taxonomy":"category","embeddable":true,"href":"https:\/\/editorialperegrino.com\/blog\/wp-json\/wp\/v2\/categories?post=4927"},{"taxonomy":"post_tag","embeddable":true,"href":"https:\/\/editorialperegrino.com\/blog\/wp-json\/wp\/v2\/tags?post=4927"}],"curies":[{"name":"wp","href":"https:\/\/api.w.org\/{rel}","templated":true}]}}