{"id":4919,"date":"2019-03-20T08:33:34","date_gmt":"2019-03-20T08:33:34","guid":{"rendered":"http:\/\/editorialperegrino.com\/?p=4919"},"modified":"2019-03-20T08:33:34","modified_gmt":"2019-03-20T08:33:34","slug":"enderezad-el-camino","status":"publish","type":"post","link":"https:\/\/editorialperegrino.com\/blog\/enderezad-el-camino\/","title":{"rendered":"Enderezad el camino"},"content":{"rendered":"<p style=\"font-weight: 400;\">\n<p style=\"font-weight: 400;\">Las carreteras en Cuba son como ninguna otra que haya visto en la vida. Por no decir tener que \u00abmanejar\u00bb por ellas.\u00a0 Nuestro gu\u00eda Jatniel nos dijo que \u00edbamos a ir por la Carretera Central de Cuba. Yo ya hab\u00eda estada en esta carretera hace tres a\u00f1os, en la parte cerca de Habana, una autov\u00eda de tres carriles en cada direcci\u00f3n. Es verdad que en el primer carril se encontraban los que hac\u00edan autostop, y carros a caballo; y en el de la izquierda las personas que vend\u00edan la cosecha de su campo. Pero siempre quedaba el carril de en medio, con su baches y curvas, s\u00ed, pero no estaba de todo mal.<\/p>\n<p style=\"font-weight: 400;\">\n<p style=\"font-weight: 400;\">Claro, pero eso era al lado de Habana hace tres a\u00f1os. Esta ma\u00f1ana, despu\u00e9s de cargar el coche con nuestra maletas (para cuatro personas) y 600 libros, despu\u00e9s de buscar gasoil en la gasolinera m\u00e1s cercana que ten\u00eda existencias (a media hora de viaje), llegamos a la Carretera Central a unos 700 km de Habana. Una carretera sencilla, estrecha, con curvas. Una carretera llena de motos, bicis, carros a caballo, peatones, animales, y coches viejos y camiones cargados que apenas sub\u00edan las muchas cuestas.<\/p>\n<p style=\"font-weight: 400;\">\n<p style=\"font-weight: 400;\">\u00a1Y los baches! Baches de todo tipo. Baches profundos. Baches alargados. Baches con agua. Baches que cruzaban toda la carretera. Baches a tomar a 15 km\/h.\u00a0 Y luego, sin hablar de los muchos kil\u00f3metros donde falta el asfalto por completo y puentes sin terminar en un carril. Total, unos 270 km, un viaje que dur\u00f3 unas seis horas de conducir, a una media de 45 km\/h.<\/p>\n<p style=\"font-weight: 400;\">\n<p style=\"font-weight: 400;\">Me ven\u00edan a la mente las palabras de la Palabra: \u00abYo soy la voz de uno que clama en el desierto: Enderezad el camino del Se\u00f1or\u00bb. El camino del evangelio en Cuba es bien dif\u00edcil, es angosto, lento y lleno de baches. Nuestra oraci\u00f3n es ver al Se\u00f1or poner el camino en obras, para enderezar y allanar el camino para que su precioso evangelio corra sin barreras por toda esta preciosa isla.<\/p>\n<p style=\"font-weight: 400;\">Mateo<\/p>\n","protected":false},"excerpt":{"rendered":"<p>Las carreteras en Cuba son como ninguna otra que haya visto en la vida. Por no decir tener que \u00abmanejar\u00bb por ellas.\u00a0 Nuestro gu\u00eda Jatniel nos dijo que \u00edbamos a&#8230;<\/p>\n","protected":false},"author":4,"featured_media":4920,"comment_status":"open","ping_status":"open","sticky":false,"template":"","format":"standard","meta":{"_links_to":"","_links_to_target":""},"categories":[5],"tags":[],"_links":{"self":[{"href":"https:\/\/editorialperegrino.com\/blog\/wp-json\/wp\/v2\/posts\/4919"}],"collection":[{"href":"https:\/\/editorialperegrino.com\/blog\/wp-json\/wp\/v2\/posts"}],"about":[{"href":"https:\/\/editorialperegrino.com\/blog\/wp-json\/wp\/v2\/types\/post"}],"author":[{"embeddable":true,"href":"https:\/\/editorialperegrino.com\/blog\/wp-json\/wp\/v2\/users\/4"}],"replies":[{"embeddable":true,"href":"https:\/\/editorialperegrino.com\/blog\/wp-json\/wp\/v2\/comments?post=4919"}],"version-history":[{"count":0,"href":"https:\/\/editorialperegrino.com\/blog\/wp-json\/wp\/v2\/posts\/4919\/revisions"}],"wp:featuredmedia":[{"embeddable":true,"href":"https:\/\/editorialperegrino.com\/blog\/wp-json\/wp\/v2\/media\/4920"}],"wp:attachment":[{"href":"https:\/\/editorialperegrino.com\/blog\/wp-json\/wp\/v2\/media?parent=4919"}],"wp:term":[{"taxonomy":"category","embeddable":true,"href":"https:\/\/editorialperegrino.com\/blog\/wp-json\/wp\/v2\/categories?post=4919"},{"taxonomy":"post_tag","embeddable":true,"href":"https:\/\/editorialperegrino.com\/blog\/wp-json\/wp\/v2\/tags?post=4919"}],"curies":[{"name":"wp","href":"https:\/\/api.w.org\/{rel}","templated":true}]}}