{"id":4915,"date":"2019-03-19T08:33:39","date_gmt":"2019-03-19T08:33:39","guid":{"rendered":"http:\/\/editorialperegrino.com\/?p=4915"},"modified":"2019-03-20T08:38:11","modified_gmt":"2019-03-20T08:38:11","slug":"hambre-de-pan","status":"publish","type":"post","link":"https:\/\/editorialperegrino.com\/blog\/hambre-de-pan\/","title":{"rendered":"Hambre de pan"},"content":{"rendered":"<p style=\"font-weight: 400;\">Hoy llegaba a la casa la madre de nuestro anfitri\u00f3n, Jatniel, con cara de alegr\u00eda. \u00abMira lo que tengo\u00bb, dijo metiendo su mano en la bolsa de la compra. Y sac\u00f3 una barra de pan.<\/p>\n<p style=\"font-weight: 400;\">Esta tarde hemos salido a dar un paseo, y hemos podido ver las colas delante de las tiendas. No por estar en rebajas y que la gente tenga ganas de gastar el dinero, sino porque buscan con ansia cosas tan fundamentales como el pan.<\/p>\n<p style=\"font-weight: 400;\">Si es as\u00ed en el \u00e1mbito f\u00edsico, tambi\u00e9n lo es en el \u00e1mbito espiritual. Ayer prediqu\u00e9 por la ma\u00f1ana en la iglesia en Velasco. \u00a1Qu\u00e9 gozada! Predicar a personas que tiene hambre. Hambre del pan del cielo. Hambre del pan de vida.<\/p>\n<p style=\"font-weight: 400;\">Hoy lo mismo en la primera conferencia que hemos dado, aqu\u00ed en la misma ciudad.\u00a0 Cuarenta pastores, algunos que hab\u00edan viajado dos horas para estar aqu\u00ed el d\u00eda entero. Y llegaban buscando pan. El pan de la Palabra. Con hambre por saciarse en la Palabra de Dios. Deseo de satisfacer su apetito espiritual.\u00a0 Hemos podido entregarles libros por haber venido a las conferencias. Libros para ayudarles a avanzar en su ministerio.<\/p>\n<p>Y estos libros producen tanto regocijo, o m\u00e1s, como la barra de pan. Que dure mucho este buen apetito por las cosas de Dios. Y que podamos desde Peregrino poder saciar su hambre con la buena literatura.<\/p>\n<p style=\"font-weight: 400;\">Mateo<\/p>\n","protected":false},"excerpt":{"rendered":"<p>Hoy llegaba a la casa la madre de nuestro anfitri\u00f3n, Jatniel, con cara de alegr\u00eda. \u00abMira lo que tengo\u00bb, dijo metiendo su mano en la bolsa de la compra. Y&#8230;<\/p>\n","protected":false},"author":4,"featured_media":4916,"comment_status":"open","ping_status":"open","sticky":false,"template":"","format":"standard","meta":{"_links_to":"","_links_to_target":""},"categories":[5],"tags":[],"_links":{"self":[{"href":"https:\/\/editorialperegrino.com\/blog\/wp-json\/wp\/v2\/posts\/4915"}],"collection":[{"href":"https:\/\/editorialperegrino.com\/blog\/wp-json\/wp\/v2\/posts"}],"about":[{"href":"https:\/\/editorialperegrino.com\/blog\/wp-json\/wp\/v2\/types\/post"}],"author":[{"embeddable":true,"href":"https:\/\/editorialperegrino.com\/blog\/wp-json\/wp\/v2\/users\/4"}],"replies":[{"embeddable":true,"href":"https:\/\/editorialperegrino.com\/blog\/wp-json\/wp\/v2\/comments?post=4915"}],"version-history":[{"count":0,"href":"https:\/\/editorialperegrino.com\/blog\/wp-json\/wp\/v2\/posts\/4915\/revisions"}],"wp:featuredmedia":[{"embeddable":true,"href":"https:\/\/editorialperegrino.com\/blog\/wp-json\/wp\/v2\/media\/4916"}],"wp:attachment":[{"href":"https:\/\/editorialperegrino.com\/blog\/wp-json\/wp\/v2\/media?parent=4915"}],"wp:term":[{"taxonomy":"category","embeddable":true,"href":"https:\/\/editorialperegrino.com\/blog\/wp-json\/wp\/v2\/categories?post=4915"},{"taxonomy":"post_tag","embeddable":true,"href":"https:\/\/editorialperegrino.com\/blog\/wp-json\/wp\/v2\/tags?post=4915"}],"curies":[{"name":"wp","href":"https:\/\/api.w.org\/{rel}","templated":true}]}}