{"id":4910,"date":"2019-03-18T17:57:28","date_gmt":"2019-03-18T17:57:28","guid":{"rendered":"http:\/\/editorialperegrino.com\/?p=4910"},"modified":"2019-03-18T17:57:28","modified_gmt":"2019-03-18T17:57:28","slug":"blog-desde-cuba","status":"publish","type":"post","link":"https:\/\/editorialperegrino.com\/blog\/blog-desde-cuba\/","title":{"rendered":"Blog desde Cuba"},"content":{"rendered":"<p><strong>La situaci\u00f3n en Cuba, me dicen, es cr\u00edtica.<\/strong><\/p>\n<p>Llevamos 28 horas sin ver una cama, y nos quedan quiz\u00e1s 15 m\u00e1s. Aqu\u00ed estoy sentado en el aeropuerto de Miami, con mi amigo y pastor Luis Cano. Estamos en la zona de facturaci\u00f3n de los vuelos a Cuba. Mientras otros en otras zonas del aeropuerto est\u00e1n acostados, aqu\u00ed mismo a las 4 de la madrugada no hay quien duerma. Miles de cubanos, residentes en Los Estados Unidos, que vuelven a Cuba como \u201cturistas\u201d, cargados con todo lo que uno\u00a0<span class=\"text_exposed_show\">se pueda imaginar, y m\u00e1s. Televisores, neum\u00e1ticos de coche, bicicletas, microondas y cafeteras, lo que sea.<\/span><\/p>\n<div class=\"text_exposed_show\">\n<p>Nosotros tambi\u00e9n vamos rumbo a Cuba como \u201cturistas\u201d. Nos esperan 15 d\u00edas, en mi caso 20, de conferencias, predicaciones y reuniones a lo ancho de la isla, empezando en Holgu\u00edn al oeste y terminado en Habana, casi en el otro punto de la br\u00fajula. Dentro de 2 horas nos juntamos con Wayne Andersen, director de la editorial Faro de Gracia, y volaremos hacia la isla, una trayectoria corta, en distancia, pero a a\u00f1os luz en muchas aspectos.<\/p>\n<p>Y como los dem\u00e1s, vamos cargados. No de los enseres \u201cesenciales\u201d que seg\u00fan este mundo son casi imprescindibles para sobrevivir en la jungla que es este primer mundo. Sino de \u201clujos\u201d tan extravagantes como pasta de dientes, crema de manos, l\u00e1pices y papel. Y por supuesto, libros. Libros cristianos, de los cuales no hay en Cuba. Libros de doctrina sana que deber\u00edan ser el \u201ccomer y beber\u201d de cualquier pastor digno de su llamamiento.<\/p>\n<p>Es que las conferencias ser\u00e1n mayormente para los pastores. Hombres llamados por Dios a predicar las riquezas de Cristo en congregaciones grandes y peque\u00f1as a lo largo y lo ancho de la isla. Ayudando a pastores, ayudamos a las iglesias. Si los pastores crecen, edificar\u00e1n a sus congregaciones. El camino al pueblo pasa por p\u00falpito.<\/p>\n<p>Espero poder colgar un breve blog cada d\u00eda. Me encantar\u00eda que dedicaras unos pocos minutos para acompa\u00f1arnos en el viaje. Pero sobre todo, te pedir\u00eda que ores. Ora por nosotros mientras estemos en Cuba. Ora por los pastores sirviendo en Cuba. Ora por la Iglesia en Cuba.<\/p>\n<p>Porque la situaci\u00f3n en Cuba, me dicen, es cr\u00edtica.<\/p>\n<p>Mateo<img loading=\"lazy\" class=\"aligncenter size-medium wp-image-4911\" src=\"https:\/\/editorialperegrino.com\/blog\/wp-content\/uploads\/WhatsApp-Image-2019-03-17-at-22.49.30-300x225.jpeg\" alt=\"WhatsApp Image 2019-03-17 at 22.49.30\" width=\"300\" height=\"225\" srcset=\"https:\/\/editorialperegrino.com\/blog\/wp-content\/uploads\/WhatsApp-Image-2019-03-17-at-22.49.30-300x225.jpeg 300w, https:\/\/editorialperegrino.com\/blog\/wp-content\/uploads\/WhatsApp-Image-2019-03-17-at-22.49.30-768x576.jpeg 768w, https:\/\/editorialperegrino.com\/blog\/wp-content\/uploads\/WhatsApp-Image-2019-03-17-at-22.49.30-1024x768.jpeg 1024w, https:\/\/editorialperegrino.com\/blog\/wp-content\/uploads\/WhatsApp-Image-2019-03-17-at-22.49.30-304x228.jpeg 304w, https:\/\/editorialperegrino.com\/blog\/wp-content\/uploads\/WhatsApp-Image-2019-03-17-at-22.49.30.jpeg 1600w\" sizes=\"(max-width: 300px) 100vw, 300px\" \/><\/p>\n<\/div>\n","protected":false},"excerpt":{"rendered":"<p>La situaci\u00f3n en Cuba, me dicen, es cr\u00edtica. Llevamos 28 horas sin ver una cama, y nos quedan quiz\u00e1s 15 m\u00e1s. Aqu\u00ed estoy sentado en el aeropuerto de Miami, con&#8230;<\/p>\n","protected":false},"author":4,"featured_media":0,"comment_status":"open","ping_status":"open","sticky":false,"template":"","format":"standard","meta":{"_links_to":"","_links_to_target":""},"categories":[5],"tags":[119,535,534],"_links":{"self":[{"href":"https:\/\/editorialperegrino.com\/blog\/wp-json\/wp\/v2\/posts\/4910"}],"collection":[{"href":"https:\/\/editorialperegrino.com\/blog\/wp-json\/wp\/v2\/posts"}],"about":[{"href":"https:\/\/editorialperegrino.com\/blog\/wp-json\/wp\/v2\/types\/post"}],"author":[{"embeddable":true,"href":"https:\/\/editorialperegrino.com\/blog\/wp-json\/wp\/v2\/users\/4"}],"replies":[{"embeddable":true,"href":"https:\/\/editorialperegrino.com\/blog\/wp-json\/wp\/v2\/comments?post=4910"}],"version-history":[{"count":0,"href":"https:\/\/editorialperegrino.com\/blog\/wp-json\/wp\/v2\/posts\/4910\/revisions"}],"wp:attachment":[{"href":"https:\/\/editorialperegrino.com\/blog\/wp-json\/wp\/v2\/media?parent=4910"}],"wp:term":[{"taxonomy":"category","embeddable":true,"href":"https:\/\/editorialperegrino.com\/blog\/wp-json\/wp\/v2\/categories?post=4910"},{"taxonomy":"post_tag","embeddable":true,"href":"https:\/\/editorialperegrino.com\/blog\/wp-json\/wp\/v2\/tags?post=4910"}],"curies":[{"name":"wp","href":"https:\/\/api.w.org\/{rel}","templated":true}]}}