{"id":4699,"date":"2016-11-09T18:25:58","date_gmt":"2016-11-09T18:25:58","guid":{"rendered":"http:\/\/editorialperegrino.com\/?p=4699"},"modified":"2016-11-10T08:47:52","modified_gmt":"2016-11-10T08:47:52","slug":"diez-dias-de-locura","status":"publish","type":"post","link":"https:\/\/editorialperegrino.com\/blog\/diez-dias-de-locura\/","title":{"rendered":"Diez d\u00edas de locura"},"content":{"rendered":"<p style=\"text-align: justify;\">\u00a1Por fin me siento en mi mesa para comenzar un d\u00eda normal! Es que llevamos unos d\u00edas de locura. Empezando con <strong>Pasi\u00f3n por el Evangelio<\/strong>. Claro que el trabajo empez\u00f3 mucho antes, pero el mismo viernes, el d\u00eda que comenz\u00f3 la conferencia, fue de locos. Salimos de Ciudad Real bien temprano en varios coches y con la furgoneta a tope. Hay que decir que ya hab\u00edan llevado la furgoneta el d\u00eda anterior para dejar un cargamento all\u00ed en Betel.<\/p>\n<p style=\"text-align: justify;\">Nada m\u00e1s llegar, lo m\u00e1s importante era vaciar la furgoneta y empezar a montar mesas, mientras se fue con la furgoneta a la imprenta a por <strong>10 t\u00edtulos que se hab\u00edan impreso<\/strong> justo para la conferencia. Con una parada para comer, todo termin\u00f3 preparado para la hora de arranque.<\/p>\n<p style=\"text-align: justify;\">Desde un punto de vista de librero, lo m\u00e1s memorable para m\u00ed fue la larga cola casi constante en la librer\u00eda. Quiz\u00e1 animada por ver lo que probablemente era <strong>la colecci\u00f3n de libros reformados m\u00e1s grande jam\u00e1s a la venta en Espa\u00f1a<\/strong>, la gente no dejaba de comprar y comprar.<\/p>\n<p style=\"text-align: justify;\">Aun as\u00ed, podr\u00eda decir que no compraron lo suficiente, porque al intentar volver a Ciudad Real el s\u00e1bado por la tarde, todav\u00eda <strong>no cab\u00eda todo en la furgoneta<\/strong> y tuvimos que echar mano de un coche de m\u00e1s (gracias, Samuel).<\/p>\n<p style=\"text-align: justify;\">Menos mal que pudimos descansar algo el domingo, ya que el lunes quedaba m\u00e1s locura. Es que el martes \u00edbamos a celebrar el D\u00eda de la Reforma en Ciudad Real, tambi\u00e9n con <strong>Sugel Michel\u00e9n<\/strong>, y Peregrino iba a tener un puesto. Gracias a Dios no llovi\u00f3 el lunes porque todo lo que era la recepci\u00f3n de los libros de Madrid y la preparaci\u00f3n de las cajas para el D\u00eda de la Reforma se tuvo que hacer al aire libre.<\/p>\n<p style=\"text-align: justify;\"><strong>\u00a1Qu\u00e9 bueno el D\u00eda de la Reforma!<\/strong> Dos muy buenos mensajes, una gran asistencia y un entorno precioso en el antiguo casino de Ciudad Real. Y una buena cantidad de libros que se vendieron.<\/p>\n<p style=\"text-align: justify;\">El mi\u00e9rcoles y jueves, claro, nos toc\u00f3 a hacer la recepci\u00f3n de los libros del d\u00eda de antes y seguir con lo que quedaba de Pasi\u00f3n por el Evangelio. A la vez, preparar mi viaje al Pa\u00eds Vasco el fin de semana. Se hab\u00eda organizado una serie de conferencias para el ministerio <strong>Respuestas en G\u00e9nesis<\/strong>, y dado que Peregrino va a distribuir sus materiales en Espa\u00f1a a partir de ahora, lo suyo era asistir, apoyar y presentar libros.<\/p>\n<p style=\"text-align: justify;\">\u00a1Pero qu\u00e9 fr\u00edo por el norte! Es que mi viaje coincidi\u00f3 con el cambio de temperatura general en toda la pen\u00ednsula. El fr\u00edo y la lluvia fueron mis constantes compa\u00f1eros durante mis tres d\u00edas all\u00ed, y <strong>no recuerdo haber visto el cielo azul en ning\u00fan momento<\/strong>. Es verdad que soy brit\u00e1nico y supuestamente estoy acostumbrado, pero creo que llevo demasiado tiempo en Espa\u00f1a. De hecho, he tra\u00eddo un buen resfriado de regalo a casa. \u00a1Pero qu\u00e9 bien lo pas\u00e9!<\/p>\n<p style=\"text-align: justify;\">\u00bfPor qu\u00e9 mencionar todo esto? Pues por los libros. En Pasi\u00f3n por el Evangelio pudimos ofrecer por primera vez una selecci\u00f3n muy grande de los libros de <strong>la editorial colombiana Poiema<\/strong>, libros de una doctrina muy sana. Los libros de Respuestas en G\u00e9nesis defienden la <em>Sola scriptura<\/em> desde el primer vers\u00edculo de G\u00e9nesis. Y en estos diez d\u00edas de locura, centenares de libros han llegado a donde tienen que llegar: a las manos de los lectores. Lectores cristianos, pastores, profesores de escuela dominical, que por medio de estos libros van a crecer en la fe y van a presentar el mensaje del evangelio con m\u00e1s confianza.<\/p>\n<p style=\"text-align: justify;\">\u00a1Que Dios use cada libro comprado durante estos 10 d\u00edas de locura <strong>para su gloria en la iglesia en Espa\u00f1a<\/strong>!<\/p>\n<p><img loading=\"lazy\" src=\"https:\/\/editorialperegrino.com\/blog\/wp-content\/uploads\/Mateo-252x300.jpg\" alt=\"OLYMPUS DIGITAL CAMERA\" width=\"63\" height=\"75\" \/><a href=\"https:\/\/editorialperegrino.com\/blog\/wp-content\/uploads\/Firma-MPH002.png\" rel=\"wp-prettyPhoto[3677]\"><img loading=\"lazy\" src=\"https:\/\/editorialperegrino.com\/blog\/wp-content\/uploads\/Firma-MPH002-300x135.png\" alt=\"Firma-MPH002\" width=\"175\" height=\"85\" \/><\/a><\/p>\n<p>Mateo Hill<\/p>\n<p><a href=\"http:\/\/director@editorialperegrino.com\" target=\"_blank\">director@editorialperegrino.com<\/a><\/p>\n<div><em>Se permite la reproducci\u00f3n de este art\u00edculo siempre que se cite su procedencia y se indique la direcci\u00f3n exacta de este post.<\/em><\/div>\n<p>&nbsp;<\/p>\n","protected":false},"excerpt":{"rendered":"<p>\u00a1Por fin me siento en mi mesa para comenzar un d\u00eda normal! Es que llevamos unos d\u00edas de locura. Empezando con Pasi\u00f3n por el Evangelio. Claro que el trabajo empez\u00f3&#8230;<\/p>\n","protected":false},"author":1,"featured_media":4700,"comment_status":"open","ping_status":"open","sticky":false,"template":"","format":"standard","meta":{"_links_to":"","_links_to_target":""},"categories":[5],"tags":[62,260,148,115,136,129,73,504,277,514,515,413,71],"_links":{"self":[{"href":"https:\/\/editorialperegrino.com\/blog\/wp-json\/wp\/v2\/posts\/4699"}],"collection":[{"href":"https:\/\/editorialperegrino.com\/blog\/wp-json\/wp\/v2\/posts"}],"about":[{"href":"https:\/\/editorialperegrino.com\/blog\/wp-json\/wp\/v2\/types\/post"}],"author":[{"embeddable":true,"href":"https:\/\/editorialperegrino.com\/blog\/wp-json\/wp\/v2\/users\/1"}],"replies":[{"embeddable":true,"href":"https:\/\/editorialperegrino.com\/blog\/wp-json\/wp\/v2\/comments?post=4699"}],"version-history":[{"count":0,"href":"https:\/\/editorialperegrino.com\/blog\/wp-json\/wp\/v2\/posts\/4699\/revisions"}],"wp:featuredmedia":[{"embeddable":true,"href":"https:\/\/editorialperegrino.com\/blog\/wp-json\/wp\/v2\/media\/4700"}],"wp:attachment":[{"href":"https:\/\/editorialperegrino.com\/blog\/wp-json\/wp\/v2\/media?parent=4699"}],"wp:term":[{"taxonomy":"category","embeddable":true,"href":"https:\/\/editorialperegrino.com\/blog\/wp-json\/wp\/v2\/categories?post=4699"},{"taxonomy":"post_tag","embeddable":true,"href":"https:\/\/editorialperegrino.com\/blog\/wp-json\/wp\/v2\/tags?post=4699"}],"curies":[{"name":"wp","href":"https:\/\/api.w.org\/{rel}","templated":true}]}}