{"id":4639,"date":"2016-08-03T14:01:38","date_gmt":"2016-08-03T14:01:38","guid":{"rendered":"http:\/\/editorialperegrino.com\/?p=4639"},"modified":"2016-08-04T10:58:29","modified_gmt":"2016-08-04T10:58:29","slug":"folclore","status":"publish","type":"post","link":"https:\/\/editorialperegrino.com\/blog\/folclore\/","title":{"rendered":"Folclore"},"content":{"rendered":"<p style=\"text-align: justify;\">El domingo cometimos <strong>un error<\/strong>. Bueno, supongo que cometimos muchos errores, pero me refiero a uno en particular.<\/p>\n<p style=\"text-align: justify;\">\u00cdbamos de paseo despu\u00e9s del culto de la tarde hacia el centro de la ciudad, acompa\u00f1ados por un grupo de j\u00f3venes brit\u00e1nicos que han venido unos d\u00edas para ayudar en la evangelizaci\u00f3n. Giramos por una esquina y nos encontramos en la Plaza Mayor, rodeados por una multitud enorme de personas que celebraban la Fiesta de la Virgen del Prado. En este preciso instante sonaban las palabras de la alcaldesa desde la tribuna, d\u00e1ndoles a las personas la bienvenida a este \u00ab<strong>acto folcl\u00f3rico<\/strong>\u00bb.<\/p>\n<p style=\"text-align: justify;\">Empec\u00e9 a pensar en esta frase. Una acto que de toda la vida ha sido un acto religioso, en honor a la virgen de turno, ahora forma parte del folclore del pueblo. Lo que est\u00e1bamos presenciando, aunque no nos quedamos m\u00e1s que unos minutos, era, seg\u00fan el diccionario de la RAE, un \u00abconjunto de <strong>costumbres, creencias, artesan\u00edas, canciones<\/strong>, y otras cosas semejantes de car\u00e1cter tradicional y popular\u00bb. Otras definiciones usan palabras como \u00abchistes\u00bb, \u00ableyendas\u00bb y \u00absupersticiones\u00bb. As\u00ed que la religi\u00f3n ahora ha pasado a ser algo del pasado, de nuestros abuelos, que merece quedarse en los recuerdos pero carece de relevancia y veracidad en nuestra generaci\u00f3n. Algo bonito que nos recuerda otros tiempos y formas de hacer y pensar.<\/p>\n<p style=\"text-align: justify;\">Hablando con la gente, se da cuenta uno de que es exactamente as\u00ed como ven la religi\u00f3n, todas las religiones. <strong>Un cuento que cre\u00edan nuestros antepasados<\/strong>, pobres de ellos, y por el que nosotros, listos que somos, no nos dejamos enga\u00f1ar. Es lo que uno escucha, quiz\u00e1s en otras palabras, y es lo que han escuchado esos j\u00f3venes brit\u00e1nicos durante la semana, por lo menos en algunas ocasiones.<\/p>\n<p style=\"text-align: justify;\">Pero me pregunto hasta qu\u00e9 punto nuestra religi\u00f3n, la protestante, la evang\u00e9lica, ha llegado a ser folclore para nosotros, para m\u00ed. \u00bfLas historias de Mois\u00e9s, de los Jueces o de El\u00edas en el monte Carmelo, me inspiran al pensar que el mismo Dios podr\u00eda hacer las mismas cosas hoy? Si no, <strong>estoy tratando a mi biblia como leyenda<\/strong> y nada m\u00e1s: historias del pasado que son bonitas pero sin ser relevantes para m\u00ed hoy. Parece ser que muchos evang\u00e9licos tratan G\u00e9nesis del 1 al 11 de esta manera. Sabemos que no era as\u00ed, 6 d\u00edas de 24 horas, pero es un cuento bonito que los pobres ignorantes del pasado creyeron y as\u00ed se lo ense\u00f1amos a nuestros hijos, sabiendo que en la escuela les van a decir la verdad sobre la evoluci\u00f3n y el principio del mundo.<\/p>\n<p style=\"text-align: justify;\">A la vez, me pregunto si hay cosas de nuestra religi\u00f3n que sean pr\u00e1cticas que hacemos simplemente porque siempre se han hecho as\u00ed. Asistimos a la iglesia el domingo y escuchamos un buen serm\u00f3n porque siempre lo hemos hecho, pero realmente no nos afecta, sigo igual al salir. Leo mi biblia, pero sale por donde ha entrado. Sigo igual por mucho que lea, no hay cambios en m\u00ed, como si lo que leo no tuviera relevancia. Como si la religi\u00f3n fuera leyenda, <strong>supersticiones de otra \u00e9poca que no tienen nada para contribuir en estos d\u00edas tan iluminados<\/strong>. Y cuando salgo de la iglesia, y vuelvo al mundo, a la familia, al trabajo, \u00bfmi fe se ve, se escucha? \u00bfPor lo que ven otros en m\u00ed, mi fe es algo privado o afecta toda mi vida, incluso mis relaciones y amistades? \u00bfLes hacemos creer que es algo real, vital y relevante, o simplemente algo anecd\u00f3tico que ni les afecta a ellos ni a nosotros tampoco?<\/p>\n<p style=\"text-align: justify;\">Ahora bien, sabemos que la fe cristiana no es folclore. Creemos firmemente que Dios es real y que su Palabra es verdad. Que \u00e9l mismo nos guarde de dar la imagen de creer algo de leyenda, desfasado, incre\u00edble, algo rescatado de tiempos antiguos sin relevancia alguna en el mundo real. <strong>Que no seamos cristianos folcl\u00f3ricos<\/strong>.<\/p>\n<p><img loading=\"lazy\" src=\"https:\/\/editorialperegrino.com\/blog\/wp-content\/uploads\/Mateo-252x300.jpg\" alt=\"OLYMPUS DIGITAL CAMERA\" width=\"63\" height=\"75\" \/><a href=\"https:\/\/editorialperegrino.com\/blog\/wp-content\/uploads\/Firma-MPH002.png\" rel=\"wp-prettyPhoto[3677]\"><img loading=\"lazy\" src=\"https:\/\/editorialperegrino.com\/blog\/wp-content\/uploads\/Firma-MPH002-300x135.png\" alt=\"Firma-MPH002\" width=\"175\" height=\"85\" \/><\/a><\/p>\n<p>Mateo Hill<\/p>\n<p><a href=\"http:\/\/director@editorialperegrino.com\" target=\"_blank\">director@editorialperegrino.com<\/a><\/p>\n<div><em>Se permite la reproducci\u00f3n de este art\u00edculo siempre que se cite su procedencia y se indique la direcci\u00f3n de nuestra p\u00e1gina web.<\/em><\/div>\n","protected":false},"excerpt":{"rendered":"<p>El domingo cometimos un error. Bueno, supongo que cometimos muchos errores, pero me refiero a uno en particular. \u00cdbamos de paseo despu\u00e9s del culto de la tarde hacia el centro&#8230;<\/p>\n","protected":false},"author":1,"featured_media":4640,"comment_status":"open","ping_status":"open","sticky":false,"template":"","format":"standard","meta":{"_links_to":"","_links_to_target":""},"categories":[5],"tags":[468,14,472,473,220,471,15,466,467,36,469,479,470,454,476,474,475,477,478],"_links":{"self":[{"href":"https:\/\/editorialperegrino.com\/blog\/wp-json\/wp\/v2\/posts\/4639"}],"collection":[{"href":"https:\/\/editorialperegrino.com\/blog\/wp-json\/wp\/v2\/posts"}],"about":[{"href":"https:\/\/editorialperegrino.com\/blog\/wp-json\/wp\/v2\/types\/post"}],"author":[{"embeddable":true,"href":"https:\/\/editorialperegrino.com\/blog\/wp-json\/wp\/v2\/users\/1"}],"replies":[{"embeddable":true,"href":"https:\/\/editorialperegrino.com\/blog\/wp-json\/wp\/v2\/comments?post=4639"}],"version-history":[{"count":0,"href":"https:\/\/editorialperegrino.com\/blog\/wp-json\/wp\/v2\/posts\/4639\/revisions"}],"wp:featuredmedia":[{"embeddable":true,"href":"https:\/\/editorialperegrino.com\/blog\/wp-json\/wp\/v2\/media\/4640"}],"wp:attachment":[{"href":"https:\/\/editorialperegrino.com\/blog\/wp-json\/wp\/v2\/media?parent=4639"}],"wp:term":[{"taxonomy":"category","embeddable":true,"href":"https:\/\/editorialperegrino.com\/blog\/wp-json\/wp\/v2\/categories?post=4639"},{"taxonomy":"post_tag","embeddable":true,"href":"https:\/\/editorialperegrino.com\/blog\/wp-json\/wp\/v2\/tags?post=4639"}],"curies":[{"name":"wp","href":"https:\/\/api.w.org\/{rel}","templated":true}]}}