{"id":4529,"date":"2016-05-18T11:40:50","date_gmt":"2016-05-18T11:40:50","guid":{"rendered":"http:\/\/editorialperegrino.com\/?p=4529"},"modified":"2016-05-18T11:40:50","modified_gmt":"2016-05-18T11:40:50","slug":"x-conferencia","status":"publish","type":"post","link":"https:\/\/editorialperegrino.com\/blog\/x-conferencia\/","title":{"rendered":"X Conferencia Peregrino"},"content":{"rendered":"<p style=\"text-align: justify;\">El s\u00e1bado <strong>14 de mayo <\/strong>se celebr\u00f3<strong> la X Conferencia de la Editorial Peregrino<\/strong> en Valdepe\u00f1as, Ciudad Real, con el tema <strong>\u201cEl Esp\u00edritu Santo\u201d.<\/strong> Coincidiendo con la presentaci\u00f3n de su libro,\u00a0<em>Hablemos de\u2026 El Esp\u00edritu Santo<\/em><strong>, Andr\u00e9s Birch, pastor de Palma de Mallorca<\/strong>, predic\u00f3 en dos sesiones con el objetivo anunciado de procurar <strong>conseguir que los asistentes se maravillaran ante la persona del Esp\u00edritu Santo<\/strong> y dieran gloria a Dios por todo lo que es y hace.<\/p>\n<p style=\"text-align: justify;\">En la primera sesi\u00f3n, titulada <strong>\u201cEl Esp\u00edritu Santo: la persona menos conocida de la Trinidad\u201d<\/strong>, hizo un recorrido a trav\u00e9s de una sorprendente cantidad de textos b\u00edblicos que ense\u00f1an acerca de la persona del Esp\u00edritu Santo en la Trinidad y su presencia activa en la creaci\u00f3n, en la inspiraci\u00f3n de la Palabra, en el tiempo antes de Cristo, en la vida de Cristo y en la Iglesia. Por la tarde, en <strong>\u201cEl Esp\u00edritu Santo: el amigo invisible del creyente\u201d<\/strong>, el tema se centr\u00f3 en el papel del Esp\u00edritu Santo en la vida de cada cristiano, y fue de una aplicaci\u00f3n m\u00e1s personal, al recordarnos, a trav\u00e9s de distintos pasajes, c\u00f3mo <strong>el Esp\u00edritu mora en el creyente<\/strong>, le da testimonio, intercede por \u00e9l, lo santifica, lo llena,\u00a0 lo capacita, lo ilumina, lo gu\u00eda, lo fortalece y lo ama. Andr\u00e9s afirm\u00f3 que el hecho de que <strong>el Esp\u00edritu Santo sea a veces considerado como un tema de divisi\u00f3n<\/strong> entre creyentes m\u00e1s que alguien a quien amar y ante quien asombrarse <strong>es una tragedia<\/strong>, e hizo tambi\u00e9n un llamado a la unidad entre los creyentes a pesar de diferencias en temas secundarios.<\/p>\n<p style=\"text-align: justify;\">El d\u00eda tambi\u00e9n fue una buena oportunidad para <strong>disfrutar de un buen tiempo de comuni\u00f3n entre los asistentes<\/strong>, as\u00ed como una oportunidad para <strong>Editorial Peregrino<\/strong> de exponer informaci\u00f3n acerca de sus novedades, proyectos editoriales, y otras iniciativas como la<strong> distribuci\u00f3n de literatura cristiana a hermanos en Cuba<\/strong>.<\/p>\n","protected":false},"excerpt":{"rendered":"<p>El s\u00e1bado 14 de mayo se celebr\u00f3 la X Conferencia de la Editorial Peregrino en Valdepe\u00f1as, Ciudad Real, con el tema \u201cEl Esp\u00edritu Santo\u201d. Coincidiendo con la presentaci\u00f3n de su&#8230;<\/p>\n","protected":false},"author":1,"featured_media":4536,"comment_status":"open","ping_status":"open","sticky":false,"template":"","format":"standard","meta":{"_links_to":"","_links_to_target":""},"categories":[5],"tags":[444,414,438,439,62,429,445,442,440,432,437,67,306,443,441,385,436],"_links":{"self":[{"href":"https:\/\/editorialperegrino.com\/blog\/wp-json\/wp\/v2\/posts\/4529"}],"collection":[{"href":"https:\/\/editorialperegrino.com\/blog\/wp-json\/wp\/v2\/posts"}],"about":[{"href":"https:\/\/editorialperegrino.com\/blog\/wp-json\/wp\/v2\/types\/post"}],"author":[{"embeddable":true,"href":"https:\/\/editorialperegrino.com\/blog\/wp-json\/wp\/v2\/users\/1"}],"replies":[{"embeddable":true,"href":"https:\/\/editorialperegrino.com\/blog\/wp-json\/wp\/v2\/comments?post=4529"}],"version-history":[{"count":0,"href":"https:\/\/editorialperegrino.com\/blog\/wp-json\/wp\/v2\/posts\/4529\/revisions"}],"wp:featuredmedia":[{"embeddable":true,"href":"https:\/\/editorialperegrino.com\/blog\/wp-json\/wp\/v2\/media\/4536"}],"wp:attachment":[{"href":"https:\/\/editorialperegrino.com\/blog\/wp-json\/wp\/v2\/media?parent=4529"}],"wp:term":[{"taxonomy":"category","embeddable":true,"href":"https:\/\/editorialperegrino.com\/blog\/wp-json\/wp\/v2\/categories?post=4529"},{"taxonomy":"post_tag","embeddable":true,"href":"https:\/\/editorialperegrino.com\/blog\/wp-json\/wp\/v2\/tags?post=4529"}],"curies":[{"name":"wp","href":"https:\/\/api.w.org\/{rel}","templated":true}]}}