{"id":4492,"date":"2016-05-03T14:22:44","date_gmt":"2016-05-03T14:22:44","guid":{"rendered":"http:\/\/editorialperegrino.com\/?p=4492"},"modified":"2016-05-03T14:54:30","modified_gmt":"2016-05-03T14:54:30","slug":"invitacion","status":"publish","type":"post","link":"https:\/\/editorialperegrino.com\/blog\/invitacion\/","title":{"rendered":"Invitaci\u00f3n"},"content":{"rendered":"<p style=\"text-align: justify;\">Estimado Amigo de Peregrino:<\/p>\n<p style=\"text-align: justify;\">Esta semana solo unas l\u00edneas para darte una invitaci\u00f3n personal a la X Conferencia Peregrino, el d\u00eda 14 de este mes en Valdepe\u00f1as (C. Real).<\/p>\n<p style=\"text-align: justify;\">Estas conferencias, que llevan diez a\u00f1os organiz\u00e1ndose, son nuestra forma de decir \u00abmuchas gracias\u00bb a todos nuestros amigos por su apoyo durante un a\u00f1o m\u00e1s. Siempre los encuentro d\u00edas de mucha bendici\u00f3n y me encanta poder renovar la comuni\u00f3n con tantos amigos.<\/p>\n<p style=\"text-align: justify;\">Este a\u00f1o contaremos con la presencia de mi gran amigo, Andr\u00e9s Birch, pastor en Palma de Mallorca. Andr\u00e9s hablar\u00e1 sobre el Esp\u00edritu Santo y durante el d\u00eda se presentar\u00e1 su nuevo libro <em>Hablemos de\u2026 El Esp\u00edritu Santo<\/em>. Seguro que sus conferencias nos har\u00e1n pensar al mirar juntos la tercera persona de la Trinidad.<\/p>\n<p style=\"text-align: justify;\">Como todos los a\u00f1os habr\u00e1 una librer\u00eda, con gran selecci\u00f3n de libros: pocas veces se ven tantos libros sanos reunidos bajo un mismo techo aqu\u00ed en Espa\u00f1a. Si hay algo de nuestro cat\u00e1logo que te interesa, podemos llev\u00e1rtelo para ahorrarte gastos de env\u00edo.<\/p>\n<p style=\"text-align: justify;\">Bueno, abajo os dejo un link para tener m\u00e1s detalles; y espero poder saludarte personalmente el s\u00e1bado de la semana que viene en Valdepe\u00f1as.<\/p>\n<p><span style=\"color: #000000;\"><a style=\"color: #000000;\" href=\"https:\/\/editorialperegrino.com\/blog\/conferencias\/x-conferencia-2016\/\" target=\"_blank\"><img loading=\"lazy\" class=\"alignleft wp-image-4505 size-full\" src=\"https:\/\/editorialperegrino.com\/blog\/wp-content\/uploads\/INVITE.jpg\" width=\"150\" height=\"84\" \/><\/a><\/span><\/p>\n<p>&nbsp;<\/p>\n<p>&nbsp;<\/p>\n<p>&nbsp;<\/p>\n<p style=\"text-align: justify;\">Hasta pronto<\/p>\n<p><img loading=\"lazy\" src=\"https:\/\/editorialperegrino.com\/blog\/wp-content\/uploads\/Mateo-252x300.jpg\" alt=\"OLYMPUS DIGITAL CAMERA\" width=\"63\" height=\"75\" \/><a href=\"https:\/\/editorialperegrino.com\/blog\/wp-content\/uploads\/Firma-MPH002.png\" rel=\"wp-prettyPhoto[3677]\"><img loading=\"lazy\" src=\"https:\/\/editorialperegrino.com\/blog\/wp-content\/uploads\/Firma-MPH002-300x135.png\" alt=\"Firma-MPH002\" width=\"175\" height=\"85\" \/><\/a><\/p>\n<p>Mateo Hill<\/p>\n<p><a href=\"http:\/\/director@editorialperegrino.com\" target=\"_blank\">director@editorialperegrino.com<\/a><\/p>\n<div><em>Se permite la reproducci\u00f3n de este art\u00edculo siempre que se cite su procedencia y se indique la direcci\u00f3n de nuestra p\u00e1gina web.<\/em><\/div>\n","protected":false},"excerpt":{"rendered":"<p>Estimado Amigo de Peregrino: Esta semana solo unas l\u00edneas para darte una invitaci\u00f3n personal a la X Conferencia Peregrino, el d\u00eda 14 de este mes en Valdepe\u00f1as (C. Real). Estas&#8230;<\/p>\n","protected":false},"author":1,"featured_media":4493,"comment_status":"open","ping_status":"open","sticky":false,"template":"","format":"standard","meta":{"_links_to":"","_links_to_target":""},"categories":[5],"tags":[433,414,429,157,148,432,431,129,67,385,430],"_links":{"self":[{"href":"https:\/\/editorialperegrino.com\/blog\/wp-json\/wp\/v2\/posts\/4492"}],"collection":[{"href":"https:\/\/editorialperegrino.com\/blog\/wp-json\/wp\/v2\/posts"}],"about":[{"href":"https:\/\/editorialperegrino.com\/blog\/wp-json\/wp\/v2\/types\/post"}],"author":[{"embeddable":true,"href":"https:\/\/editorialperegrino.com\/blog\/wp-json\/wp\/v2\/users\/1"}],"replies":[{"embeddable":true,"href":"https:\/\/editorialperegrino.com\/blog\/wp-json\/wp\/v2\/comments?post=4492"}],"version-history":[{"count":0,"href":"https:\/\/editorialperegrino.com\/blog\/wp-json\/wp\/v2\/posts\/4492\/revisions"}],"wp:featuredmedia":[{"embeddable":true,"href":"https:\/\/editorialperegrino.com\/blog\/wp-json\/wp\/v2\/media\/4493"}],"wp:attachment":[{"href":"https:\/\/editorialperegrino.com\/blog\/wp-json\/wp\/v2\/media?parent=4492"}],"wp:term":[{"taxonomy":"category","embeddable":true,"href":"https:\/\/editorialperegrino.com\/blog\/wp-json\/wp\/v2\/categories?post=4492"},{"taxonomy":"post_tag","embeddable":true,"href":"https:\/\/editorialperegrino.com\/blog\/wp-json\/wp\/v2\/tags?post=4492"}],"curies":[{"name":"wp","href":"https:\/\/api.w.org\/{rel}","templated":true}]}}