{"id":4456,"date":"2016-04-26T15:54:46","date_gmt":"2016-04-26T15:54:46","guid":{"rendered":"http:\/\/editorialperegrino.com\/?p=4456"},"modified":"2016-04-26T16:10:37","modified_gmt":"2016-04-26T16:10:37","slug":"dia-del-libro","status":"publish","type":"post","link":"https:\/\/editorialperegrino.com\/blog\/dia-del-libro\/","title":{"rendered":"D\u00eda del Libro"},"content":{"rendered":"<p style=\"text-align: justify;\"><strong>Un a\u00f1o m\u00e1s se ha celebrado el D\u00eda del Libro<\/strong>. Este gran d\u00eda que marca la \u00abcolisi\u00f3n\u00bb entre dos grandes estrellas, Shakespeare y Cervantes, que a la vez sirve para celebrar esa gran mezcla de ideas, papel y tinta que t\u00fa y yo llamamos \u00ablibro\u00bb. Esta colecci\u00f3n de hojas que permitieron \u00abescuchar\u00bb conferencias a distancia antes de la electricidad, \u00abvivir\u00bb en el mundo virtual de la imaginaci\u00f3n antes de inventarse el ciberespacio, y saber las grandes verdades del universo antes de disponer de Google o Wikipedia. <strong>\u00a1S\u00ed, los libros merecen su d\u00eda, merecen celebrarse!<\/strong><\/p>\n<p style=\"text-align: justify;\">Como todos los a\u00f1os, hemos presenciado ferias de libros, presentaciones, lecturas, actuaciones, exposiciones; <strong>toda una serie de actividad para festejar a nuestros compa\u00f1eros mudos que tanto tienen que decirnos<\/strong>. No s\u00e9 si por celebrarlo somos m\u00e1s cultos, pero por lo menos hemos sacado nuestra cultura de paseo; total, una vez al a\u00f1o no hace da\u00f1o.<\/p>\n<h3 style=\"text-align: justify;\">Caf\u00e9-librer\u00eda<\/h3>\n<p style=\"text-align: justify;\">El s\u00e1bado pasado, d\u00eda se\u00f1alado este a\u00f1o ya que coincid\u00eda con el n\u00famero 23 en nuestro calendario, tuve un aut\u00e9ntico d\u00eda de libros. Por la tarde, <strong>visit\u00e9 por primera<\/strong> \u2014pero no \u00faltima\u2014 <strong>vez un establecimiento nuevo en Ciudad Real<\/strong>, donde vivo: <strong>un caf\u00e9-librer\u00eda<\/strong>. Mi esposa hab\u00eda estado quince d\u00edas antes en la inauguraci\u00f3n cuando estuve de viaje en los Estados Unidos, y sab\u00eda que me lo ten\u00eda que ense\u00f1ar. Un caf\u00e9 con sof\u00e1s, mesa, caf\u00e9 y pastas, y por supuesto libros. Libros para comprar, libros para ojear, libros nuevos y libros usados, libros en castellano y libros en ingl\u00e9s, \u00a1libros, libros, libros!<\/p>\n<p style=\"text-align: justify;\">Qu\u00e9 envidia. <strong>Es que llevo a\u00f1os so\u00f1ando hacer algo as\u00ed, con libros cristianos, claro est\u00e1<\/strong>. Un lugar relajado, rodeado por buenos libros que explican el por qu\u00e9 y el para qu\u00e9 de la vida y la muerte, del Cielo y el Infierno, del perd\u00f3n y la perdici\u00f3n. Un oasis literario espiritual donde estar a solas con un buen libro, con mis pensamientos profundos y con mi fe. Ese es mi sue\u00f1o, pero mientras tanto volver\u00e9 una y otra vez a la Madriguera para relajarme entre tantos soldados de plomo y amigos nuevos por conocer.<\/p>\n<h3 style=\"text-align: justify;\">SBT<\/h3>\n<p style=\"text-align: justify;\">Por la ma\u00f1ana hab\u00eda estado en Madrid. <strong>Hab\u00edamos sido convocados por la Sociedad B\u00edblica Trinitaria para la presentaci\u00f3n de su nueva revisi\u00f3n del Nuevo Testamento<\/strong>. Partiendo de la base de la versi\u00f3n cl\u00e1sica del 1909, y consultando con la fuentes m\u00e1s antiguas usadas por Casiodoro de Reina y Cipriano de Valera, nuestros hermanos en SBT han buscado regalarnos una versi\u00f3n fiel en su doctrina, fiable en cuanto a sus fuentes, fluida a la hora de leer y f\u00e1cil de entender en el mundo hispano. (Para m\u00e1s detalles, <a href=\"http:\/\/sociedadbiblicatrinitaria.org\/Proyecto_Revision_RV1909.pdf\">http:\/\/sociedadbiblicatrinitaria.org\/Proyecto_Revision_RV1909.pdf<\/a>).<\/p>\n<h3 style=\"text-align: justify;\">El \u00fanico y gran Libro<\/h3>\n<p style=\"text-align: justify;\">En todo lo que ha sido la celebraci\u00f3n del D\u00eda del Libro 2016, me alegra de manera especial haber estado en la presentaci\u00f3n en Madrid, y que nuestros hermanos de SBT eligieran un d\u00eda tan se\u00f1alado para presentar su Nuevo Testamento. Me hizo bien, siendo un profesional del libro, recordar que por encima de todo libro est\u00e1 el Libro de libros. El \u00fanico Libro que contiene todas las respuestas, sin el cual ning\u00fan otro libro podr\u00e1 tener sentido. <strong>El libro por excelencia que nos permite saber acerca de Aquel que es la Gran Verdad, nos indica el camino a una vida m\u00e1s real y abundante que esta vida virtual, y que nos hace escuchar las palabras de Dios mismo, como si estuviera a nuestro lado susurr\u00e1ndonos al o\u00eddo. <\/strong>\u00a1Este Libro merece ser celebrado, y no solo un d\u00eda al a\u00f1o!<\/p>\n<p>&nbsp;<\/p>\n<p><img loading=\"lazy\" src=\"https:\/\/editorialperegrino.com\/blog\/wp-content\/uploads\/Mateo-252x300.jpg\" alt=\"OLYMPUS DIGITAL CAMERA\" width=\"63\" height=\"75\" \/><a href=\"https:\/\/editorialperegrino.com\/blog\/wp-content\/uploads\/Firma-MPH002.png\" rel=\"wp-prettyPhoto[3677]\"><img loading=\"lazy\" src=\"https:\/\/editorialperegrino.com\/blog\/wp-content\/uploads\/Firma-MPH002-300x135.png\" alt=\"Firma-MPH002\" width=\"175\" height=\"85\" \/><\/a><\/p>\n<p>Mateo Hill<\/p>\n<p><a href=\"http:\/\/director@editorialperegrino.com\" target=\"_blank\">director@editorialperegrino.com<\/a><\/p>\n<div><em>Se permite la reproducci\u00f3n de este art\u00edculo siempre que se cite su procedencia y se indique la direcci\u00f3n de nuestra p\u00e1gina web.<\/em><\/div>\n","protected":false},"excerpt":{"rendered":"<p>Un a\u00f1o m\u00e1s se ha celebrado el D\u00eda del Libro. Este gran d\u00eda que marca la \u00abcolisi\u00f3n\u00bb entre dos grandes estrellas, Shakespeare y Cervantes, que a la vez sirve para&#8230;<\/p>\n","protected":false},"author":1,"featured_media":4459,"comment_status":"open","ping_status":"open","sticky":false,"template":"","format":"standard","meta":{"_links_to":"","_links_to_target":""},"categories":[5],"tags":[14,422,425,417,426,415,428,420,129,424,418,427,416,423,419,421],"_links":{"self":[{"href":"https:\/\/editorialperegrino.com\/blog\/wp-json\/wp\/v2\/posts\/4456"}],"collection":[{"href":"https:\/\/editorialperegrino.com\/blog\/wp-json\/wp\/v2\/posts"}],"about":[{"href":"https:\/\/editorialperegrino.com\/blog\/wp-json\/wp\/v2\/types\/post"}],"author":[{"embeddable":true,"href":"https:\/\/editorialperegrino.com\/blog\/wp-json\/wp\/v2\/users\/1"}],"replies":[{"embeddable":true,"href":"https:\/\/editorialperegrino.com\/blog\/wp-json\/wp\/v2\/comments?post=4456"}],"version-history":[{"count":0,"href":"https:\/\/editorialperegrino.com\/blog\/wp-json\/wp\/v2\/posts\/4456\/revisions"}],"wp:featuredmedia":[{"embeddable":true,"href":"https:\/\/editorialperegrino.com\/blog\/wp-json\/wp\/v2\/media\/4459"}],"wp:attachment":[{"href":"https:\/\/editorialperegrino.com\/blog\/wp-json\/wp\/v2\/media?parent=4456"}],"wp:term":[{"taxonomy":"category","embeddable":true,"href":"https:\/\/editorialperegrino.com\/blog\/wp-json\/wp\/v2\/categories?post=4456"},{"taxonomy":"post_tag","embeddable":true,"href":"https:\/\/editorialperegrino.com\/blog\/wp-json\/wp\/v2\/tags?post=4456"}],"curies":[{"name":"wp","href":"https:\/\/api.w.org\/{rel}","templated":true}]}}