{"id":4403,"date":"2016-03-22T16:27:45","date_gmt":"2016-03-22T16:27:45","guid":{"rendered":"http:\/\/editorialperegrino.com\/?p=4403"},"modified":"2016-03-22T16:53:14","modified_gmt":"2016-03-22T16:53:14","slug":"celebremosla-de-verdad","status":"publish","type":"post","link":"https:\/\/editorialperegrino.com\/blog\/celebremosla-de-verdad\/","title":{"rendered":"\u00a1Celebr\u00e9mosla de verdad!"},"content":{"rendered":"<p style=\"text-align: justify;\"><strong>Recuerdo mi primera Semana Santa en la iglesia en Santa Cruz de Mudela<\/strong>. Era el a\u00f1o 94, mi primero en el pastorado. Me pasan la lista de los cultos en Semana Santa, y veo que entre jueves, viernes y domingo me tocaban cinco reuniones. \u00ab<strong>\u00bfOs hab\u00e9is olvidado del s\u00e1bado?<\/strong>\u00bb Pregunt\u00e9, pero mi sarcasmo no les dec\u00eda nada.<\/p>\n<p style=\"text-align: justify;\"><strong>\u00a1Cinco cultos!<\/strong> \u00a1Uf! \u00a1Socorro! \u00abA ver, explicadme esto \u2014les digo\u2014, \u00bfpor qu\u00e9 tantos cultos? \u00bfNo son d\u00edas de vacaciones, fiestas y relax?\u00bb. \u00abAh \u2014me dijeron\u2014, t\u00fa no lo entiendes \u2014Correcto\u2014. Es que eres ingl\u00e9s \u2014Premio\u2014. Te lo tendremos que explicar \u2014A eso iba\u2014. Es que cuando la iglesia empez\u00f3, y la iglesia estaba llena de nuevos creyentes, los misioneros pusieron muchos cultos en semana Santa;<strong> tantos cultos como procesiones<\/strong>, <strong>para que as\u00ed nadie cayera en la tentaci\u00f3n de volver a sus antiguos caminos<\/strong>\u00bb. Y as\u00ed empec\u00e9 a comprender el asunto; \u00a1y a preparar mis cinco sermones!<\/p>\n<p style=\"text-align: justify;\"><strong>As\u00ed que una Semana Santa al estilo protestante<\/strong>. El jueves pensando en Getseman\u00ed; el viernes por la ma\u00f1ana la Mesa del Se\u00f1or y por la tarde sobre la muerte del Salvador; y el domingo dos cultos centrados en la resurrecci\u00f3n.<\/p>\n<p style=\"text-align: justify;\">Al pasar los a\u00f1os me enter\u00e9 de que no todas la iglesias en Espa\u00f1a son as\u00ed, todo lo opuesto. Algunos dicen que la Semana Santa es algo de la Iglesia romana y por eso hay que ignorarlo. O que es algo impuesto por los hombres, por el calendario eclesial, y no necesitamos que los hombres nos digan cu\u00e1ndo celebrar la muerte y resurrecci\u00f3n de Jes\u00fas. <strong>\u00bfPor qu\u00e9 limitarnos a dos d\u00edas del a\u00f1o cuando tenemos todos los 52 domingos para celebrar y recordar?<\/strong> Otros cogen estos d\u00edas como fiesta para organizar un retiro o un campamento. Y todo esto est\u00e1 bien.<\/p>\n<p style=\"text-align: justify;\">Sin embargo, no todo lo que hace el hombre est\u00e1 mal. <strong>Muchas de las cosas de antes se hac\u00edan por algo.<\/strong> Es que somos muy dados a olvidar. \u00bfNo es verdad que teniendo 52 domingos en el a\u00f1o, casi nunca hablamos de la resurrecci\u00f3n de Cristo? \u00bfCu\u00e1ndo fue la \u00faltima vez que cantaste uno de estos grandes c\u00e1nticos de la resurrecci\u00f3n? \u00bfTe acuerdas del \u00faltimo serm\u00f3n sobre la resurrecci\u00f3n?<\/p>\n<p style=\"text-align: justify;\">Bueno, no abogo por que volvamos a llenar la semana de cultos. Pero s\u00ed por tomar unos minutos o una hora aparte, para contemplar de nuevo aquellos acontecimientos tan transcendentales. <strong>Ve a tu biblioteca y coge un libro que te lleve a la cruz, y te haga pasar por la tumba vac\u00eda.<\/strong> Busca el antiguo himnario y lee de nuevo la poes\u00eda de los himnos en las secci\u00f3n sobre la muerte y resurrecci\u00f3n de Cristo. En estos d\u00edas, vuelve a leer los \u00faltimos cap\u00edtulos de los Evangelios.<\/p>\n<p style=\"text-align: justify;\"><strong>No dejemos que la Semana Santa nos cierre los ojos para no ver a nuestro Salvador.<\/strong><\/p>\n<p>&nbsp;<\/p>\n<p><img loading=\"lazy\" src=\"https:\/\/editorialperegrino.com\/blog\/wp-content\/uploads\/Mateo-252x300.jpg\" alt=\"OLYMPUS DIGITAL CAMERA\" width=\"63\" height=\"75\" \/><a href=\"https:\/\/editorialperegrino.com\/blog\/wp-content\/uploads\/Firma-MPH002.png\" rel=\"wp-prettyPhoto[3677]\"><img loading=\"lazy\" src=\"https:\/\/editorialperegrino.com\/blog\/wp-content\/uploads\/Firma-MPH002-300x135.png\" alt=\"Firma-MPH002\" width=\"175\" height=\"85\" \/><\/a><\/p>\n<p>Mateo Hill<\/p>\n<p><a href=\"http:\/\/director@editorialperegrino.com\" target=\"_blank\">director@editorialperegrino.com<\/a><\/p>\n<div><em>Se permite la reproducci\u00f3n de este art\u00edculo siempre que se cite su procedencia y se indique la direcci\u00f3n de nuestra p\u00e1gina web.<\/em><\/div>\n<p>&nbsp;<\/p>\n","protected":false},"excerpt":{"rendered":"<p>Recuerdo mi primera Semana Santa en la iglesia en Santa Cruz de Mudela. Era el a\u00f1o 94, mi primero en el pastorado. Me pasan la lista de los cultos en&#8230;<\/p>\n","protected":false},"author":1,"featured_media":4409,"comment_status":"open","ping_status":"open","sticky":false,"template":"","format":"standard","meta":{"_links_to":"","_links_to_target":""},"categories":[5],"tags":[92,362,363,347,364,361],"_links":{"self":[{"href":"https:\/\/editorialperegrino.com\/blog\/wp-json\/wp\/v2\/posts\/4403"}],"collection":[{"href":"https:\/\/editorialperegrino.com\/blog\/wp-json\/wp\/v2\/posts"}],"about":[{"href":"https:\/\/editorialperegrino.com\/blog\/wp-json\/wp\/v2\/types\/post"}],"author":[{"embeddable":true,"href":"https:\/\/editorialperegrino.com\/blog\/wp-json\/wp\/v2\/users\/1"}],"replies":[{"embeddable":true,"href":"https:\/\/editorialperegrino.com\/blog\/wp-json\/wp\/v2\/comments?post=4403"}],"version-history":[{"count":0,"href":"https:\/\/editorialperegrino.com\/blog\/wp-json\/wp\/v2\/posts\/4403\/revisions"}],"wp:featuredmedia":[{"embeddable":true,"href":"https:\/\/editorialperegrino.com\/blog\/wp-json\/wp\/v2\/media\/4409"}],"wp:attachment":[{"href":"https:\/\/editorialperegrino.com\/blog\/wp-json\/wp\/v2\/media?parent=4403"}],"wp:term":[{"taxonomy":"category","embeddable":true,"href":"https:\/\/editorialperegrino.com\/blog\/wp-json\/wp\/v2\/categories?post=4403"},{"taxonomy":"post_tag","embeddable":true,"href":"https:\/\/editorialperegrino.com\/blog\/wp-json\/wp\/v2\/tags?post=4403"}],"curies":[{"name":"wp","href":"https:\/\/api.w.org\/{rel}","templated":true}]}}