{"id":4393,"date":"2016-03-15T16:21:21","date_gmt":"2016-03-15T16:21:21","guid":{"rendered":"http:\/\/editorialperegrino.com\/?p=4393"},"modified":"2016-03-15T16:58:49","modified_gmt":"2016-03-15T16:58:49","slug":"36-anos","status":"publish","type":"post","link":"https:\/\/editorialperegrino.com\/blog\/36-anos\/","title":{"rendered":"\u00a136 a\u00f1os!"},"content":{"rendered":"<p style=\"text-align: justify;\">\u00a1<strong>El mi\u00e9rcoles de la semana pasada cumpl\u00ed 36 a\u00f1os<\/strong>! Vale, los que me conocen saben que esto es imposible, en especial tomando en cuenta que llevo 27 a\u00f1os casado. Me refiero, claramente, a <strong>mi cumplea\u00f1os espiritual<\/strong>.<\/p>\n<h3 style=\"text-align: justify;\">Fecha de mi conversi\u00f3n<\/h3>\n<p style=\"text-align: justify;\"><strong>No todo el mundo puede poner fecha al d\u00eda de su conversi\u00f3n<\/strong>, pero <strong>yo s\u00ed<\/strong>. <strong>Creo que el Se\u00f1or lo hizo as\u00ed porque me conoce<\/strong>. Con las dudas que van rondando mi cabeza como p\u00e1jaros, ser\u00eda muy f\u00e1cil para Satan\u00e1s acercarse y susurrar al o\u00eddo: \u00abPero Mateo, ni te acuerdas de cu\u00e1ndo, ni c\u00f3mo; \u00bfest\u00e1s seguro de ser creyente?\u00bb<\/p>\n<p style=\"text-align: justify;\">Pero, <strong>gracias a Dios<\/strong>, <strong>s\u00ed puedo recordarlo<\/strong>, como si fuera ayer. <strong>Recuerdo que el s\u00e1bado hab\u00edamos bajado en tren a Londres todos los j\u00f3venes de la iglesia<\/strong> para asistir a un encuentro nacional que se celebraba en Westminster Chapel, <strong>donde antes hab\u00eda sido pastor el Doctor Martyn Lloyd-Jones<\/strong>. Estando all\u00ed, en ese edificio tan emblem\u00e1tico, me puse a observar. No era nada nuevo para m\u00ed, hab\u00eda estado en otras ocasiones. Pero, al observar a los dem\u00e1s j\u00f3venes, me di cuenta de que aunque parec\u00edamos iguales, muchos de ellos ten\u00edan algo que no ten\u00eda yo.<\/p>\n<h3 style=\"text-align: justify;\">Conoc\u00eda el evangelio pero me faltaba algo<\/h3>\n<p style=\"text-align: justify;\"><strong>Yo ten\u00eda un conocimiento del evangelio<\/strong>, habiendo sido criado en una casa pastoral. Asist\u00eda a la iglesia desde antes de nacer. Lideraba el grupo b\u00edblico en mi colegio. <strong>Defend\u00eda la Biblia delante de mis profesores<\/strong>. Los domingos pasaba horas enteras en la iglesia en diferentes actividades y tocaba el piano en los cultos.<\/p>\n<p style=\"text-align: justify;\"><strong>Pero me faltaba algo<\/strong>. Y as\u00ed volv\u00ed a mi casa aquel s\u00e1bado por la noche. El d\u00eda despu\u00e9s fui a la iglesia. <strong>Hab\u00eda predicador invitado<\/strong>, un hombre mayor. <strong>No recuerdo lo que predic\u00f3<\/strong>, <strong>pero s\u00ed la sensaci\u00f3n de necesidad de un salvador<\/strong>. Sab\u00eda lo que ten\u00eda que hacer, as\u00ed que volv\u00ed a casa, entr\u00e9 en mi dormitorio, <strong>llam\u00e9 a mi padre<\/strong>, <strong>y \u00e9l me gui\u00f3 a la cruz<\/strong>, <strong>a los pies de aquel a quien por primera vez reconoc\u00ed como mi Se\u00f1or y mi Dios<\/strong>.<\/p>\n<h3 style=\"text-align: justify;\">Solo por gracia<\/h3>\n<p style=\"text-align: justify;\">Cada vez que llega el aniversario y <strong>miro atr\u00e1s hacia aquel 9 de marzo y pienso en todo lo que ha pasado<\/strong>, tanto bueno como malo, desde aquel d\u00eda, <strong>hay muchas emociones que surgen dentro<\/strong>, muchas palabras que pasan por mi cabeza. Y una que nunca falta, <strong>una palabra que siempre est\u00e1 en mis labios al hablar de mi conversi\u00f3n<\/strong>: <strong>gracia<\/strong>.<\/p>\n<p style=\"text-align: justify;\"><strong>La gracia de Dios al decidir amarme antes de la fundaci\u00f3n del mundo<\/strong>, <strong>la gracia de enviar a su Hijo a morir en mi lugar en la cruz<\/strong>; y, \u00bfc\u00f3mo no?, la gracia de permitir que un pecador como yo de alguna forma le sirva. \u00bf<strong>C\u00f3mo puede un Dios tan santo y perfecto tener trato con un sinverg\u00fcenza como yo<\/strong>? \u00bfC\u00f3mo puede Dios usarme en su servicio? \u00bf<strong>Y c\u00f3mo<\/strong>, s\u00ed, c\u00f3mo, <strong>puede un Dios infinitamente soberano<\/strong>, recibir <strong>gloria<\/strong>, aunque solo una pizca, <strong>de cualquier cosa que pudiera hacer uno como yo<\/strong>?<\/p>\n<p style=\"text-align: justify;\">Solo hay una respuesta:<strong> la gracia infinita de mi Dios<\/strong>. Despu\u00e9s de 36 a\u00f1os el viejo himno sigue teniendo raz\u00f3n: \u00ab<strong>Soy s\u00f3lo de gracia deudor\u2026<\/strong>\u00bb.<\/p>\n<p><img loading=\"lazy\" src=\"https:\/\/editorialperegrino.com\/blog\/wp-content\/uploads\/Mateo-252x300.jpg\" alt=\"OLYMPUS DIGITAL CAMERA\" width=\"63\" height=\"75\" \/><a href=\"https:\/\/editorialperegrino.com\/blog\/wp-content\/uploads\/Firma-MPH002.png\" rel=\"wp-prettyPhoto[3677]\"><img loading=\"lazy\" src=\"https:\/\/editorialperegrino.com\/blog\/wp-content\/uploads\/Firma-MPH002-300x135.png\" alt=\"Firma-MPH002\" width=\"175\" height=\"85\" \/><\/a><\/p>\n<p>Mateo Hill<\/p>\n<p><a href=\"http:\/\/director@editorialperegrino.com\" target=\"_blank\">director@editorialperegrino.com<\/a><\/p>\n<div><em>Se permite la reproducci\u00f3n de este art\u00edculo siempre que se cite su procedencia y se indique la direcci\u00f3n de nuestra p\u00e1gina web.<\/em><\/div>\n","protected":false},"excerpt":{"rendered":"<p>\u00a1El mi\u00e9rcoles de la semana pasada cumpl\u00ed 36 a\u00f1os! Vale, los que me conocen saben que esto es imposible, en especial tomando en cuenta que llevo 27 a\u00f1os casado. Me&#8230;<\/p>\n","protected":false},"author":1,"featured_media":4398,"comment_status":"open","ping_status":"open","sticky":false,"template":"","format":"standard","meta":{"_links_to":"","_links_to_target":""},"categories":[5],"tags":[354,355,14,352,356,15,357,136,358,360,359,327],"_links":{"self":[{"href":"https:\/\/editorialperegrino.com\/blog\/wp-json\/wp\/v2\/posts\/4393"}],"collection":[{"href":"https:\/\/editorialperegrino.com\/blog\/wp-json\/wp\/v2\/posts"}],"about":[{"href":"https:\/\/editorialperegrino.com\/blog\/wp-json\/wp\/v2\/types\/post"}],"author":[{"embeddable":true,"href":"https:\/\/editorialperegrino.com\/blog\/wp-json\/wp\/v2\/users\/1"}],"replies":[{"embeddable":true,"href":"https:\/\/editorialperegrino.com\/blog\/wp-json\/wp\/v2\/comments?post=4393"}],"version-history":[{"count":0,"href":"https:\/\/editorialperegrino.com\/blog\/wp-json\/wp\/v2\/posts\/4393\/revisions"}],"wp:featuredmedia":[{"embeddable":true,"href":"https:\/\/editorialperegrino.com\/blog\/wp-json\/wp\/v2\/media\/4398"}],"wp:attachment":[{"href":"https:\/\/editorialperegrino.com\/blog\/wp-json\/wp\/v2\/media?parent=4393"}],"wp:term":[{"taxonomy":"category","embeddable":true,"href":"https:\/\/editorialperegrino.com\/blog\/wp-json\/wp\/v2\/categories?post=4393"},{"taxonomy":"post_tag","embeddable":true,"href":"https:\/\/editorialperegrino.com\/blog\/wp-json\/wp\/v2\/tags?post=4393"}],"curies":[{"name":"wp","href":"https:\/\/api.w.org\/{rel}","templated":true}]}}