{"id":4383,"date":"2016-03-08T15:05:02","date_gmt":"2016-03-08T15:05:02","guid":{"rendered":"http:\/\/editorialperegrino.com\/?p=4383"},"modified":"2016-03-08T15:09:34","modified_gmt":"2016-03-08T15:09:34","slug":"animo","status":"publish","type":"post","link":"https:\/\/editorialperegrino.com\/blog\/animo\/","title":{"rendered":"\u00a1\u00c1nimo!"},"content":{"rendered":"<p style=\"text-align: justify;\">Siendo un reci\u00e9n convertido, all\u00e1 por los ochenta, <strong>recuerdo escuchar en varias ocasiones a los creyentes decir que ten\u00edamos que ser como la iglesia en Corinto<\/strong>. Eran comentarios que buscaban animar a una pr\u00e1ctica m\u00e1s carism\u00e1tica en las iglesias. Pero hab\u00eda un gran problema: <strong>al leer lo que escribe Pablo a la iglesia all\u00ed nos damos cuenta de que no era exactamente una iglesia ejemplar<\/strong>. En su primera ep\u00edstola can\u00f3nica a ellos, Pablo tiene que tratar temas como la divisi\u00f3n, la falta de confianza en la predicaci\u00f3n y en sus l\u00edderes, inmoralidad en la iglesia, actitudes incorrectas al celebrar la Mesa del Se\u00f1or, ego\u00edsmo a la hora de tratar los dones, falta de orden en la adoraci\u00f3n y haber olvidado la esencia del evangelio.<\/p>\n<h3 style=\"text-align: justify;\">Palabras de \u00e1nimo<\/h3>\n<p style=\"text-align: justify;\"><strong>Al terminar una carta as\u00ed<\/strong>, el ap\u00f3stol, siempre pastoral, <strong>no quiere acabar sin darles palabras de \u00e1nimo<\/strong>. Y as\u00ed llegamos al vers\u00edculo 58 del cap\u00edtulo 15: <strong>\u00abAs\u00ed que, hermanos m\u00edos amados, estad firmes y constantes, creciendo en la obra del Se\u00f1or siempre, sabiendo que vuestro trabajo en el Se\u00f1or no es en vano\u00bb<\/strong>.<\/p>\n<p style=\"text-align: justify;\"><strong>Pablo anima a sus hermanos<\/strong>, en primer lugar, <strong>a estar firmes y constantes<\/strong>. En la doctrina en general, ya que el cap\u00edtulo 15 empieza hablando de ello, <strong>pero de forma espec\u00edfica en la resurrecci\u00f3n de Cristo y de la victoria que hay en \u00e9l<\/strong>, como vemos en el resto del cap\u00edtulo. Tienen que estar firmes, <strong>edificando sus vidas siempre sobre este fundamento<\/strong> . Y tienen que mantenerse constantes en ello, no dejando que nadie les socave los cimientos de su fe.<\/p>\n<p style=\"text-align: justify;\">En segundo lugar, <strong>les anima a crecer<\/strong>. Entre todas las cosas que tienen en su vida, tienen que <strong>dar prioridad a crecer en lo m\u00e1s importante<\/strong>: <strong>las cosas del Se\u00f1or<\/strong>, recordando que es precisamente esto, obra del Se\u00f1or. Y tenemos que crecer como \u00e1rboles en esto. <strong>No somos llamados a ser bons\u00e1is para Dios, qued\u00e1ndonos como cristianos enanos toda la vida, sino cedros del L\u00edbano, creciendo cada vez m\u00e1s altos y fuertes<\/strong>.<\/p>\n<p style=\"text-align: justify;\">Por \u00faltimo, <strong>el ap\u00f3stol les anima record\u00e1ndoles que servir al Se\u00f1or vale la pena<\/strong>. <strong>Es la obra de Dios, es para su gloria<\/strong>, nunca es en vano. Puede parecerlo desde nuestro punto de vista, pero eso es normal; solo tenemos que recordar el llamado de Dios a Isa\u00edas: \u00abno te van a hacer caso\u00bb. S\u00ed, parece todo una p\u00e9rdida de tiempo a veces, pero no lo es, no es en vano, <strong>es la obra del Se\u00f1or<\/strong>.<\/p>\n<p style=\"text-align: justify;\">Entonces Pablo les anima a actuar, pero \u00bf<strong>qu\u00e9 es lo que usa para estimular el \u00e1nimo en ellos<\/strong>? <strong>Es la resurrecci\u00f3n de Cristo, su triunfo sobre la tumba y la victoria que ser\u00e1 nuestra en \u00e9l<\/strong>. Lo tenemos all\u00ed en los vers\u00edculos anteriores: <strong>\u00abMas ahora Cristo ha resucitado de los muertos\u00bb<\/strong>; <strong>\u00abSorbida est\u00e1 la muerte en victoria\u00bb<\/strong>; <strong>\u00abMas gracias sean dadas a Dios, que nos da la victoria por medio de nuestro Se\u00f1or Jesucristo\u00bb<\/strong>.<\/p>\n<p style=\"text-align: justify;\"><strong>\u00bfEst\u00e1s desanimado?<\/strong> \u00bfLas cosas de la vida te pesan? \u00bfLa vida cristiana parece una losa pesada? <strong>Mira a Cristo<\/strong>, <strong>s\u00ed a su cruz<\/strong>, por supuesto, pero tambi\u00e9n a su tumba, la tumba vac\u00eda que era suya y que a la vez es la tuya. <strong>\u00a1En Cristo tenemos la victoria!<\/strong> <strong>\u00a1\u00c1nimo!<\/strong><\/p>\n<p><strong>\u00a1Ya no dudamos, Pr\u00edncipe de vida y paz!<\/strong><\/p>\n<p><strong>Sin ti no valemos; fortaleza das.<\/strong><\/p>\n<p><strong>M\u00e1s que vencedores haznos por tu amor,<\/strong><\/p>\n<p><strong>Y al hogar celeste ll\u00e9vanos, Se\u00f1or.<\/strong><\/p>\n<p><strong>Tuya es la gloria, victorioso Redentor,<\/strong><\/p>\n<p><strong>Porque t\u00fa la muerte venciste, Se\u00f1or.<\/strong><\/p>\n<p>&nbsp;<\/p>\n<p><img loading=\"lazy\" src=\"https:\/\/editorialperegrino.com\/blog\/wp-content\/uploads\/Mateo-252x300.jpg\" alt=\"OLYMPUS DIGITAL CAMERA\" width=\"63\" height=\"75\" \/><a href=\"https:\/\/editorialperegrino.com\/blog\/wp-content\/uploads\/Firma-MPH002.png\" rel=\"wp-prettyPhoto[3677]\"><img loading=\"lazy\" src=\"https:\/\/editorialperegrino.com\/blog\/wp-content\/uploads\/Firma-MPH002-300x135.png\" alt=\"Firma-MPH002\" width=\"175\" height=\"85\" \/><\/a><\/p>\n<p>Mateo Hill<\/p>\n<p><a href=\"http:\/\/director@editorialperegrino.com\" target=\"_blank\">director@editorialperegrino.com<\/a><\/p>\n<div><em>Se permite la reproducci\u00f3n de este art\u00edculo siempre que se cite su procedencia y se indique la direcci\u00f3n de nuestra p\u00e1gina web.<\/em><\/div>\n","protected":false},"excerpt":{"rendered":"<p>Siendo un reci\u00e9n convertido, all\u00e1 por los ochenta, recuerdo escuchar en varias ocasiones a los creyentes decir que ten\u00edamos que ser como la iglesia en Corinto. Eran comentarios que buscaban&#8230;<\/p>\n","protected":false},"author":1,"featured_media":4387,"comment_status":"open","ping_status":"open","sticky":false,"template":"","format":"standard","meta":{"_links_to":"","_links_to_target":""},"categories":[5],"tags":[343,349,350,345,344,220,92,352,136,20,59,346,347,351,353,348],"_links":{"self":[{"href":"https:\/\/editorialperegrino.com\/blog\/wp-json\/wp\/v2\/posts\/4383"}],"collection":[{"href":"https:\/\/editorialperegrino.com\/blog\/wp-json\/wp\/v2\/posts"}],"about":[{"href":"https:\/\/editorialperegrino.com\/blog\/wp-json\/wp\/v2\/types\/post"}],"author":[{"embeddable":true,"href":"https:\/\/editorialperegrino.com\/blog\/wp-json\/wp\/v2\/users\/1"}],"replies":[{"embeddable":true,"href":"https:\/\/editorialperegrino.com\/blog\/wp-json\/wp\/v2\/comments?post=4383"}],"version-history":[{"count":0,"href":"https:\/\/editorialperegrino.com\/blog\/wp-json\/wp\/v2\/posts\/4383\/revisions"}],"wp:featuredmedia":[{"embeddable":true,"href":"https:\/\/editorialperegrino.com\/blog\/wp-json\/wp\/v2\/media\/4387"}],"wp:attachment":[{"href":"https:\/\/editorialperegrino.com\/blog\/wp-json\/wp\/v2\/media?parent=4383"}],"wp:term":[{"taxonomy":"category","embeddable":true,"href":"https:\/\/editorialperegrino.com\/blog\/wp-json\/wp\/v2\/categories?post=4383"},{"taxonomy":"post_tag","embeddable":true,"href":"https:\/\/editorialperegrino.com\/blog\/wp-json\/wp\/v2\/tags?post=4383"}],"curies":[{"name":"wp","href":"https:\/\/api.w.org\/{rel}","templated":true}]}}