{"id":4309,"date":"2016-02-23T16:51:59","date_gmt":"2016-02-23T16:51:59","guid":{"rendered":"http:\/\/editorialperegrino.com\/?p=4309"},"modified":"2016-03-01T17:20:30","modified_gmt":"2016-03-01T17:20:30","slug":"violati-fulmina-regin","status":"publish","type":"post","link":"https:\/\/editorialperegrino.com\/blog\/violati-fulmina-regin\/","title":{"rendered":"Violati fulmina regin"},"content":{"rendered":"<p style=\"text-align: justify;\"><em>Violati Fulmina Regin<\/em><\/p>\n<p style=\"text-align: justify;\"><strong>La Feria de Libro de La Habana fue algo completamente diferente.<\/strong> Estoy acostumbrado a las t\u00edpicas ferias con sus <em>stands<\/em> montados dentro de un sal\u00f3n enorme, tal como puede ser Madrid. Pero en La Habana la celebran en la Fortaleza de San Carlos de la Caba\u00f1a. Paseando por las calles de la fortaleza, uno va pasando por un sinf\u00edn de puertas que dan entrada a habitaciones que tienen m\u00e1s que ver con mazmorras.<\/p>\n<p style=\"text-align: justify;\">Cada habitaci\u00f3n hospedaba una o varias casas editoriales, que presentaban sus novedades y mercanc\u00edas. Si brillaban por su ausencia las grandes editoriales mundiales, s\u00ed destacaban muchas <strong>editoriales cuya l\u00ednea editorial encajaba con el r\u00e9gimen<\/strong> en la isla.<\/p>\n<p style=\"text-align: justify;\">Dicho esto, y como excepci\u00f3n muy agradable, encontramos un \u00abstand\u00bb montado entre unos hermanos de la Iglesia de Cristo y los Menonitas, donde <strong>se ofrec\u00edan Biblias, libros evang\u00e9licos y literatura evangel\u00edstica<\/strong>. \u00a1Qu\u00e9 animo ver a la gente acercarse y comprar!<\/p>\n<p style=\"text-align: justify;\"><img loading=\"lazy\" class=\"alignright size-full wp-image-4313\" src=\"https:\/\/editorialperegrino.com\/blog\/wp-content\/uploads\/ViolatiWEB.jpg\" alt=\"ViolatiWEB\" width=\"250\" height=\"160\" \/>Nuestro recorrido nos llev\u00f3 por los muros que miran hacia el r\u00edo, donde se celebra todos los d\u00edas el \u00abCa\u00f1onazo\u00bb a las nueve de la noche. All\u00ed montado en un carro r\u00e9plica, encontr\u00e9 un ca\u00f1\u00f3n de 1737 fundado en Sevilla, con la siguiente inscripci\u00f3n: <strong><em>violati fulmina regin<\/em><\/strong>.<\/p>\n<p style=\"text-align: justify;\">Ahora bien, hace muchos a\u00f1os que no estudio lat\u00edn, pero excavando profundo en los recuerdos de mi infancia, saqu\u00e9 una traducci\u00f3n que por lo que he podido averiguar, no est\u00e1 muy lejos de lo correcto: <strong>Los rel\u00e1mpagos del rey ofendido<\/strong>. La gente que recib\u00eda los ca\u00f1onazos repartidos por el fusil, sufr\u00eda las consecuencias de haber ofendido al rey de las Espa\u00f1as, en este caso creo que era Felipe V, el animoso.<\/p>\n<p style=\"text-align: justify;\">Dejando a un lado mi pobre lat\u00edn y el hecho de que la inscripci\u00f3n podr\u00eda estar mal escrita, me llamaba la atenci\u00f3n el significado general de las palabras. Cuando ofendemos a un rey hay consecuencias nefastas. <strong>\u00bfY si ofendemos al Rey de reyes?<\/strong><\/p>\n<p style=\"text-align: justify;\">Hoy d\u00eda el concepto del pecado no es muy popular, incluso en algunas iglesias. La idea de que un Dios de amor podr\u00eda ofenderse queda anticuada, y m\u00e1s a\u00fan la idea de que Dios castiga a las personas. Pero <strong>el Dios de amor es a la vez el Dios soberano, el Monarca de todo el universo<\/strong>. Y cuando le ofendemos hay consecuencias.<\/p>\n<p style=\"text-align: justify;\">El d\u00eda que marca un antes y un despu\u00e9s en la vida de todo cristiano aut\u00e9ntico es <strong>aquel d\u00eda en que se da cuenta de que es un pecador y que ha ofendido a Dios<\/strong>. Se arrepiente de sus pecados y le pide perd\u00f3n, confiando en la muerte del Se\u00f1or Jesucristo, quien llev\u00f3 su castigo en la cruz del Calvario. Quien no haya pasado por esta experiencia no tiene ning\u00fan derecho a llamarse cristiano.<\/p>\n<p style=\"text-align: justify;\">Pero al haber pasado por all\u00ed, en mi caso hace treinta y seis a\u00f1os \u00a1gracias a Dios!, no puedo pensar que se ha acabado. Todav\u00eda soy capaz, muy capaz de ofender a mi Rey. <strong>\u00a1Y sigue en pie lo de \u00abviolati fulmina regin\u00bb!<\/strong> No es que Dios deje de amarnos. Tampoco es que me eche de su Reino al Infierno eterno.<\/p>\n<p style=\"text-align: justify;\">Pero <strong>mis pecados ofenden a mi Rey<\/strong>. Y habr\u00e1 consecuencias. Puede ser un castigo \u00abfulminante\u00bb que Dios env\u00ede expresamente a causa de un pecado espec\u00edfico. Puede ser \u00absimplemente\u00bb que se aleje de nosotros, que la relaci\u00f3n se enfr\u00ede algo por falta de cercan\u00eda. Puede ser esa falta de paz que nos atormenta por habernos rebelado contra la voluntad de nuestro Rey. Sea como sea, hay consecuencias.<\/p>\n<p style=\"text-align: justify;\">Gracias a Dios, mi pecado est\u00e1 perdonado. Mis pecados tambi\u00e9n. Fueron clavados en la cruz. Pero necesito tener mucho cuidado. <strong>No tengo licencia para pecar, m\u00e1s bien una obligaci\u00f3n a servir a mi Rey<\/strong>. Si no lo hago, le ofendo. \u00a1Cu\u00e1ntas veces, por mi propia torpeza, la artiller\u00eda de Dios me apunta, y sufro las consecuencias de haber ofendido a mi Rey y Se\u00f1or!<\/p>\n<p><img loading=\"lazy\" src=\"https:\/\/editorialperegrino.com\/blog\/wp-content\/uploads\/Mateo-252x300.jpg\" alt=\"OLYMPUS DIGITAL CAMERA\" width=\"63\" height=\"75\" \/><a href=\"https:\/\/editorialperegrino.com\/blog\/wp-content\/uploads\/Firma-MPH002.png\" rel=\"wp-prettyPhoto[3677]\"><img loading=\"lazy\" src=\"https:\/\/editorialperegrino.com\/blog\/wp-content\/uploads\/Firma-MPH002-300x135.png\" alt=\"Firma-MPH002\" width=\"175\" height=\"85\" \/><\/a><\/p>\n<p>Mateo Hill<\/p>\n<p><a href=\"http:\/\/director@editorialperegrino.com\" target=\"_blank\">director@editorialperegrino.com<\/a><\/p>\n<div><em>Se permite la reproducci\u00f3n de este art\u00edculo siempre que se cite su procedencia y se indique la direcci\u00f3n de nuestra p\u00e1gina web.<\/em><\/div>\n","protected":false},"excerpt":{"rendered":"<p>Violati Fulmina Regin La Feria de Libro de La Habana fue algo completamente diferente. Estoy acostumbrado a las t\u00edpicas ferias con sus stands montados dentro de un sal\u00f3n enorme, tal&#8230;<\/p>\n","protected":false},"author":1,"featured_media":4310,"comment_status":"open","ping_status":"open","sticky":false,"template":"","format":"standard","meta":{"_links_to":"","_links_to_target":""},"categories":[5],"tags":[],"_links":{"self":[{"href":"https:\/\/editorialperegrino.com\/blog\/wp-json\/wp\/v2\/posts\/4309"}],"collection":[{"href":"https:\/\/editorialperegrino.com\/blog\/wp-json\/wp\/v2\/posts"}],"about":[{"href":"https:\/\/editorialperegrino.com\/blog\/wp-json\/wp\/v2\/types\/post"}],"author":[{"embeddable":true,"href":"https:\/\/editorialperegrino.com\/blog\/wp-json\/wp\/v2\/users\/1"}],"replies":[{"embeddable":true,"href":"https:\/\/editorialperegrino.com\/blog\/wp-json\/wp\/v2\/comments?post=4309"}],"version-history":[{"count":0,"href":"https:\/\/editorialperegrino.com\/blog\/wp-json\/wp\/v2\/posts\/4309\/revisions"}],"wp:featuredmedia":[{"embeddable":true,"href":"https:\/\/editorialperegrino.com\/blog\/wp-json\/wp\/v2\/media\/4310"}],"wp:attachment":[{"href":"https:\/\/editorialperegrino.com\/blog\/wp-json\/wp\/v2\/media?parent=4309"}],"wp:term":[{"taxonomy":"category","embeddable":true,"href":"https:\/\/editorialperegrino.com\/blog\/wp-json\/wp\/v2\/categories?post=4309"},{"taxonomy":"post_tag","embeddable":true,"href":"https:\/\/editorialperegrino.com\/blog\/wp-json\/wp\/v2\/tags?post=4309"}],"curies":[{"name":"wp","href":"https:\/\/api.w.org\/{rel}","templated":true}]}}