{"id":4168,"date":"2015-12-09T16:05:56","date_gmt":"2015-12-09T16:05:56","guid":{"rendered":"http:\/\/editorialperegrino.com\/?p=4168"},"modified":"2015-12-09T16:05:56","modified_gmt":"2015-12-09T16:05:56","slug":"turismo-rural","status":"publish","type":"post","link":"https:\/\/editorialperegrino.com\/blog\/turismo-rural\/","title":{"rendered":"Turismo rural"},"content":{"rendered":"<h3 style=\"text-align: justify;\">Turismo rural<\/h3>\n<p style=\"text-align: justify;\">Siendo padre de dos hijos, estoy <strong>acostumbrado a vacaciones en la playa<\/strong>. No porque me gusten \u2014con esta tez de anglosaj\u00f3n es mejor evitar los rayos del sol\u2014, sino <strong>porque a los ni\u00f1os les encantan la playa y el mar<\/strong>, m\u00e1xime si vives a cuatro horas de la costa.<\/p>\n<p style=\"text-align: justify;\"><strong>Ya que<\/strong> mis hijos <strong>son mayores<\/strong>, <strong>mi esposa y yo tenemos la oportunidad de hacer turismo rural<\/strong>, de conocer algo mejor este pa\u00eds que nos tiene encantados. Podemos ir conociendo lugares que durante a\u00f1os nos han sido un nombre, o un punto en el mapa.<\/p>\n<h3 style=\"text-align: justify;\">Fin de semana en C\u00e1ceres y Trujillo<\/h3>\n<p style=\"text-align: justify;\"><strong>Este \u00faltimo fin de semana<\/strong>, que era puente tipo acueducto por su longitud, <strong>viajamos a la ciudad de C\u00e1ceres<\/strong> en Extremadura. <strong>\u00a1Qu\u00e9 ciudad m\u00e1s bonita!<\/strong> Como muchas ciudades espa\u00f1olas, parece que se ha ca\u00eddo del cielo al campo desierto, pero una vez dentro, es un verdadero oasis. <strong>Con su ciudad antigua fortificada en la cumbre del monte y sus calles estrechas<\/strong> que corren entre casas e iglesias de construcci\u00f3n en granito, \u00a1casi se esperaba encontrar al \u00c1guila Roja a la vuelta de la esquina!<\/p>\n<p style=\"text-align: justify;\"><strong>En el viaje de regreso<\/strong> a casa nos esperaba<strong> una sorpresa m\u00e1s<\/strong>. Nos hab\u00edan dicho que si \u00edbamos a C\u00e1ceres ten\u00edamos que <strong>pasar por Trujillo<\/strong>. Un pueblo de tan solo diez mil habitantes, pero <strong>con un casco antiguo igual de impresionante<\/strong>, o m\u00e1s, que el de C\u00e1ceres. Con su castillo y alc\u00e1zar, sus muros y conventos, <strong>nos dej\u00f3 maravillados<\/strong>. Situado en la cumbre del monte, la parte m\u00e1s alta se reserva para el castillo. Pagamos nuestro 1,40\u20ac para entrar en la fortaleza y subimos la escalera para recorrer el adarve y disfrutar de la vista.<\/p>\n<h3 style=\"text-align: justify;\">Iglesia en ruinas<\/h3>\n<p style=\"text-align: justify;\"><strong>\u00a1Y all\u00ed la veo!<\/strong> Una imagen que siempre me llama la atenci\u00f3n:<strong> una iglesia en ruinas<\/strong>. All\u00e1, por debajo del Alc\u00e1zar, en el extramuro, lo que quedaba de un edificio <strong>donde antes los feligreses se congregaban para rendir culto al Alt\u00edsimo<\/strong>. Los muros medio ca\u00eddos, el techo inexistente, las b\u00f3vedas expuestas a la intemperie, y los contrafuertes que ya no son tan fuertes, mucho menos para reforzar.<\/p>\n<p style=\"text-align: justify;\">Tengo que confesar que cierta <strong>parte de m\u00ed se alegra<\/strong> cuando veo una iglesia cat\u00f3lica en ruinas. <strong>Lo veo como un sitio menos donde predicar el error<\/strong>. Es verdad que las iglesias caen en desuso por muchas razones: el edificio se queda demasiado grande, demasiado peque\u00f1o, formaba parte de un orden que se trasladaba o el edificio ten\u00eda problemas estructurales. Pero, al fin y acabo, creo que <strong>hay que recordar que Dios es un dios capaz de quitar el candelabro de los sitios que dejan la adoraci\u00f3n pura<\/strong>; que donde proclaman algo que no sea la Palabra de Dios, Dios mismo puede declarar Icabod, \u00abquitada la gloria\u00bb.<\/p>\n<h3 style=\"text-align: justify;\">La Iglesia protestante<\/h3>\n<p style=\"text-align: justify;\">Hace unas semanas <strong>escuch\u00e9 al pastor Miguel N\u00fa\u00f1ez predicar<\/strong> en la ocasi\u00f3n del D\u00eda de la Reforma en la Iglesia Evang\u00e9lica de la Gracia en Barcelona. <strong>Habl\u00f3 sobre el lema reformado \u00abSola Scriptura\u00bb<\/strong>, postulando que lo que <strong>la iglesia protestante necesita hoy es una nueva Reforma<\/strong>, pero esta vez no en torno a la justificaci\u00f3n por la fe sino a volver a las Escrituras. Poco a poco, seg\u00fan el pastor N\u00fa\u00f1ez, <strong>no solo la Iglesia Cat\u00f3lica sino tambi\u00e9n la Iglesia Evang\u00e9lica ha ido apart\u00e1ndose de la adoraci\u00f3n pura<\/strong>, de la Palabra de Dios.<\/p>\n<p style=\"text-align: justify;\">Si es as\u00ed, y creo que no anda muy lejos, <strong>es un problema muy serio<\/strong>. Porque eso quiere decir que dentro de poco las iglesias que vamos a encontrar abandonadas y en ruinas, no solo ser\u00e1n los monasterios y parroquias ajenos, sino tambi\u00e9n los locales de culto nuestros. <strong>\u00a1Que Dios tenga misericordia de su pueblo, y que nos haga volver a su Palabra antes de que sea demasiado tarde!<\/strong><\/p>\n<p>&nbsp;<\/p>\n<div data-canvas-width=\"86.47864580282354\">\n<p><img loading=\"lazy\" src=\"https:\/\/editorialperegrino.com\/blog\/wp-content\/uploads\/Mateo-252x300.jpg\" alt=\"OLYMPUS DIGITAL CAMERA\" width=\"63\" height=\"75\" \/><a href=\"https:\/\/editorialperegrino.com\/blog\/wp-content\/uploads\/Firma-MPH002.png\" rel=\"wp-prettyPhoto[3677]\"><img loading=\"lazy\" src=\"https:\/\/editorialperegrino.com\/blog\/wp-content\/uploads\/Firma-MPH002-300x135.png\" alt=\"Firma-MPH002\" width=\"175\" height=\"85\" \/><\/a><\/p>\n<p>Mateo Hill \u00a0\u00a0<a title=\"director@editorialperegrino.com\" href=\"mailto:director@editorialperegrino.com\">administracion@editorialperegrino.com<\/a><\/p>\n<div>\n<div><em>Se permite la reproducci\u00f3n de este art\u00edculo siempre que se cite su procedencia y se indique la direcci\u00f3n de nuestra p\u00e1gina web.<\/em><\/div>\n<\/div>\n<\/div>\n","protected":false},"excerpt":{"rendered":"<p>Turismo rural Siendo padre de dos hijos, estoy acostumbrado a vacaciones en la playa. No porque me gusten \u2014con esta tez de anglosaj\u00f3n es mejor evitar los rayos del sol\u2014,&#8230;<\/p>\n","protected":false},"author":1,"featured_media":4169,"comment_status":"open","ping_status":"open","sticky":false,"template":"","format":"standard","meta":{"_links_to":"","_links_to_target":""},"categories":[5],"tags":[295,285,290,292,294,288,289,296,260,15,287,183,299,300,118,293,110,297,258,298,121,291,286,284],"_links":{"self":[{"href":"https:\/\/editorialperegrino.com\/blog\/wp-json\/wp\/v2\/posts\/4168"}],"collection":[{"href":"https:\/\/editorialperegrino.com\/blog\/wp-json\/wp\/v2\/posts"}],"about":[{"href":"https:\/\/editorialperegrino.com\/blog\/wp-json\/wp\/v2\/types\/post"}],"author":[{"embeddable":true,"href":"https:\/\/editorialperegrino.com\/blog\/wp-json\/wp\/v2\/users\/1"}],"replies":[{"embeddable":true,"href":"https:\/\/editorialperegrino.com\/blog\/wp-json\/wp\/v2\/comments?post=4168"}],"version-history":[{"count":0,"href":"https:\/\/editorialperegrino.com\/blog\/wp-json\/wp\/v2\/posts\/4168\/revisions"}],"wp:featuredmedia":[{"embeddable":true,"href":"https:\/\/editorialperegrino.com\/blog\/wp-json\/wp\/v2\/media\/4169"}],"wp:attachment":[{"href":"https:\/\/editorialperegrino.com\/blog\/wp-json\/wp\/v2\/media?parent=4168"}],"wp:term":[{"taxonomy":"category","embeddable":true,"href":"https:\/\/editorialperegrino.com\/blog\/wp-json\/wp\/v2\/categories?post=4168"},{"taxonomy":"post_tag","embeddable":true,"href":"https:\/\/editorialperegrino.com\/blog\/wp-json\/wp\/v2\/tags?post=4168"}],"curies":[{"name":"wp","href":"https:\/\/api.w.org\/{rel}","templated":true}]}}