{"id":3796,"date":"2015-05-20T07:06:45","date_gmt":"2015-05-20T07:06:45","guid":{"rendered":"http:\/\/editorialperegrino.com\/?p=3796"},"modified":"2015-05-20T07:06:45","modified_gmt":"2015-05-20T07:06:45","slug":"tres-conferencias-y-un-desafio","status":"publish","type":"post","link":"https:\/\/editorialperegrino.com\/blog\/tres-conferencias-y-un-desafio\/","title":{"rendered":"Tres conferencias y un desaf\u00edo"},"content":{"rendered":"<p style=\"text-align: justify;\"><strong>\u00a1Hemos sobrevivido!<\/strong> El s\u00e1bado pasado se celebr\u00f3 la IX Conferencia Editorial Peregrino. A\u00fan tras nueve a\u00f1os sigue siendo un reto organizar todos los detalles, pero Dios es bueno y siempre ayuda. Este a\u00f1o la cosa se ha complicado m\u00e1s por el hecho de que yo estuve fuera en Catalu\u00f1a una semana en los d\u00edas previos, aunque con el equipo que tenemos en la oficina todo ha salido sobre ruedas.<\/p>\n<h3>Primera conferencia<\/h3>\n<p style=\"text-align: justify;\"><strong>Este a\u00f1o el invitado ha sido el conocido autor y conferenciante John Blanchard.<\/strong> Originario de la isla de Guernsey, una de las Islas Anglonormandas a pocas millas de la costa francesa, Blanchard lleva desde el a\u00f1o 1962 a tiempo completo en el ministerio del Se\u00f1or, primero como evangelista y desde el 2003 dedic\u00e1ndose a la apolog\u00e9tica cristiana popular. Es autor de m\u00e1s de treinta libros, siendo los m\u00e1s conocidos Aceptados por Dios y \u00daltimas Preguntas.<\/p>\n<p style=\"text-align: justify;\"><strong>El tema de la conferencia este a\u00f1o fue \u00abDefendiendo el evangelio; declarando el evangelio\u00bb,<\/strong> haciendo eco as\u00ed de las dos \u00e1reas que son especialidad de Blanchard. Por la ma\u00f1ana, partiendo del primer vers\u00edculo del Salmo 14, el conferenciante nos record\u00f3 que el ate\u00edsmo no empieza en el laboratorio, sino en el coraz\u00f3n; es decir, es una elecci\u00f3n de no creer. Despu\u00e9s mostr\u00f3 cuatro im\u00e1genes que apuntan hacia la realidad de la existencia de Dios: todos tenemos racionalidad; todos tenemos dignidad; todos tenemos moralidad; todos tenemos concepto de un destino.<\/p>\n<p style=\"text-align: justify;\">Por la tarde, y mirando m\u00e1s hacia la declaraci\u00f3n del evangelio, John Blanchard nos interpret\u00f3 de forma experta el vers\u00edculo 15 de 1 Pedro cap\u00edtulo 3, concluyendo con el gran reto de recordarnos que el mejor evangelismo \u00ab\u2026<strong>y la mejor apolog\u00e9tica no es por nuestras palabras sino por nuestra vida:<\/strong> <strong>reconoc\u00edan que hab\u00edan estado con Jes\u00fas\u00bb.<\/strong><\/p>\n<h3 style=\"text-align: justify;\">Segunda conferencia<\/h3>\n<p style=\"text-align: justify;\">Como dije m\u00e1s arriba, hace pocos d\u00edas estuve en Catalu\u00f1a y mi visita estuvo motivada por <strong>dos conferencias.<\/strong> <strong>Primero el Seminario de Teolog\u00eda<\/strong> <strong>y Psicolog\u00eda Pastoral<\/strong> <strong>de la Alianza Evang\u00e9lica Espa\u00f1ola<\/strong>. Se celebra de forma bianual, y en esta ocasi\u00f3n el tema era \u201cPastoral y abuso espiritual\u00bb.\u00a0 Durante cuatro d\u00edas varios conferenciantes nos advirtieron de los posibles abusos de manos de pastores, llam\u00e1ndonos a todos a ejercer un pastorado sano centrado en la tarea principal, la predicaci\u00f3n de la Palabra.<\/p>\n<h3 style=\"text-align: justify;\">Tercera conferencia<\/h3>\n<p style=\"text-align: justify;\"><strong>La \u00faltima conferencia,<\/strong> organizada en conjunto entre Peregrino y Librer\u00eda Abba, y celebrada en las magn\u00edficas dependencias de Abba en Barcelona, <strong>trataba de la vida y el<\/strong> <strong>legado del Dr. Martyn Lloyd-Jones<\/strong>. El gran predicador gal\u00e9s del siglo XX, ubicado en Londres en el tiempo de la posguerra, fue un hombre (probablemente mejor decir El hombre) usado por Dios para hacer que la iglesia en el Reino Unido volviera a sus ra\u00edces b\u00edblicas e hist\u00f3ricas. Un hombre que busc\u00f3 que la iglesia envuelta en el liberalismo y el evangelio social volviera a la declaraci\u00f3n de la Palabra.<\/p>\n<h3 style=\"text-align: justify;\">Desaf\u00edo<\/h3>\n<p style=\"text-align: justify;\">Y es all\u00ed donde vemos el desaf\u00edo al que hace referencia el t\u00edtulo de este art\u00edculo. <strong>Las tres conferencias han acabado apuntando hacia lo mismo: la declaraci\u00f3n fiel de la Palabra<\/strong> <strong>de Dios.<\/strong> \u00bfY no es ese el reto constante que tenemos como creyentes? Da igual la conferencia a la que asistamos, o el serm\u00f3n que escuchemos, o las circunstancias de nuestra vida; <strong>el llamado que nos da nuestro Padre celestial es este: \u00abQue prediques la Palabra\u00bb.<\/strong><\/p>\n<p style=\"text-align: justify;\"><img loading=\"lazy\" src=\"https:\/\/editorialperegrino.com\/blog\/wp-content\/uploads\/Mateo-252x300.jpg\" alt=\"OLYMPUS DIGITAL CAMERA\" width=\"63\" height=\"75\" \/><a href=\"https:\/\/editorialperegrino.com\/blog\/wp-content\/uploads\/Firma-MPH002.png\"><img loading=\"lazy\" src=\"https:\/\/editorialperegrino.com\/blog\/wp-content\/uploads\/Firma-MPH002-300x135.png\" alt=\"Firma-MPH002\" width=\"175\" height=\"85\" \/><\/a><\/p>\n<p>Mateo Hill \u00a0\u00a0<a title=\"director@editorialperegrino.com\" href=\"mailto:director@editorialperegrino.com\">administracion@editorialperegrino.com<\/a><\/p>\n<div><em>Se permite la reproducci\u00f3n de este art\u00edculo siempre que se cite su procedencia y se indique la direcci\u00f3n de nuestra p\u00e1gina web.<\/em><\/div>\n","protected":false},"excerpt":{"rendered":"<p>\u00a1Hemos sobrevivido! El s\u00e1bado pasado se celebr\u00f3 la IX Conferencia Editorial Peregrino. A\u00fan tras nueve a\u00f1os sigue siendo un reto organizar todos los detalles, pero Dios es bueno y siempre&#8230;<\/p>\n","protected":false},"author":1,"featured_media":3797,"comment_status":"open","ping_status":"open","sticky":false,"template":"","format":"standard","meta":{"_links_to":"","_links_to_target":""},"categories":[5],"tags":[26,136],"_links":{"self":[{"href":"https:\/\/editorialperegrino.com\/blog\/wp-json\/wp\/v2\/posts\/3796"}],"collection":[{"href":"https:\/\/editorialperegrino.com\/blog\/wp-json\/wp\/v2\/posts"}],"about":[{"href":"https:\/\/editorialperegrino.com\/blog\/wp-json\/wp\/v2\/types\/post"}],"author":[{"embeddable":true,"href":"https:\/\/editorialperegrino.com\/blog\/wp-json\/wp\/v2\/users\/1"}],"replies":[{"embeddable":true,"href":"https:\/\/editorialperegrino.com\/blog\/wp-json\/wp\/v2\/comments?post=3796"}],"version-history":[{"count":0,"href":"https:\/\/editorialperegrino.com\/blog\/wp-json\/wp\/v2\/posts\/3796\/revisions"}],"wp:featuredmedia":[{"embeddable":true,"href":"https:\/\/editorialperegrino.com\/blog\/wp-json\/wp\/v2\/media\/3797"}],"wp:attachment":[{"href":"https:\/\/editorialperegrino.com\/blog\/wp-json\/wp\/v2\/media?parent=3796"}],"wp:term":[{"taxonomy":"category","embeddable":true,"href":"https:\/\/editorialperegrino.com\/blog\/wp-json\/wp\/v2\/categories?post=3796"},{"taxonomy":"post_tag","embeddable":true,"href":"https:\/\/editorialperegrino.com\/blog\/wp-json\/wp\/v2\/tags?post=3796"}],"curies":[{"name":"wp","href":"https:\/\/api.w.org\/{rel}","templated":true}]}}