{"id":3784,"date":"2015-05-05T13:30:31","date_gmt":"2015-05-05T13:30:31","guid":{"rendered":"http:\/\/editorialperegrino.com\/?p=3784"},"modified":"2015-05-07T08:01:10","modified_gmt":"2015-05-07T08:01:10","slug":"esta-semana-estoy-de-viaje","status":"publish","type":"post","link":"https:\/\/editorialperegrino.com\/blog\/esta-semana-estoy-de-viaje\/","title":{"rendered":"Esta semana estoy de viaje"},"content":{"rendered":"<p style=\"text-align: justify;\"><strong>Esta semana estoy de viaje<\/strong>. No por mi querida patria, Inglaterra, sino por tierras catalanas. Un viaje de siete horas en el coche nos ha dejado en Coma-Ruga, cerca de Tarragona. Ahora mismo estoy en mi habitaci\u00f3n en el hotel a cuatro pasos del mar Mediterr\u00e1neo.<\/p>\n<p style=\"text-align: justify;\">No es que est\u00e9 de vacaciones, sino que<strong> esta semana se celebra el 14\u00ba Seminario de Teolog\u00eda y Psicolog\u00eda Pastoral de la Alianza Evang\u00e9lica Espa\u00f1ola<\/strong>. <strong>El tema<\/strong> este a\u00f1o es <strong>\u00abPastoral y abuso espiritual\u00bb<\/strong>, tema bastante necesario al considerar las cosas que uno oye de la periferia extrema del mundo evang\u00e9lico. Siempre est\u00e1 bien estudiar los errores para poder evitarlos o corregirlos en nuestra propia vida o ministerio.<\/p>\n<h3 style=\"text-align: justify;\">Visitas a\u00a0 librer\u00edas<\/h3>\n<p style=\"text-align: justify;\">Aunque la verdad es que llevo casi cinco a\u00f1os sin ejercer como pastor, as\u00ed que no <strong>estoy aqu\u00ed realmente<\/strong> por el tema sino<strong> por tener presencia con los libros de Peregrino<\/strong>. En m\u00e1s de un blog he dicho que <strong>nuestros libros no valen para nada en el almac\u00e9n.<\/strong> Hay que sacarlos y hacer que la gente sepa acerca de Peregrino y sus libros. <strong>Una mesa de libros<\/strong> en un foro como la conferencia <strong>es muy importante para Peregrino<\/strong>.<\/p>\n<p style=\"text-align: justify;\">La conferencia termina el jueves, pero no por eso el viaje. El viernes por la ma\u00f1ana <strong>visitar\u00e9 algunas librer\u00edas en Barcelona<\/strong>, con el deseo de animar a nuestros compa\u00f1eros libreros. Si los libreros no est\u00e1n convencidos por los libros de Peregrino es muy dif\u00edcil que los vayan a vender. Y por la tarde, una visita tur\u00edstica a Montserrat. Por supuesto no voy de peregrino aunque peregrino soy en este mundo, y \u00abPeregrino\u00bb soy en el ministerio. Es que adem\u00e1s de disfrutar del paisaje, me hace mucho bien presenciar la crudeza del catolicismo romano para recordar realmente d\u00f3nde estoy y cu\u00e1l es mi tarea. A\u00fan en nuestra Espa\u00f1a posmoderna la mayor\u00eda cree de alguna forma que su destino depende de algo que hacen, y eso dentro del sistema folcl\u00f3rico cat\u00f3lico. Mis primeros a\u00f1os de obrero en Espa\u00f1a los pas\u00e9 en Zaragoza. \u00a1Cu\u00e1ntas veces pas\u00e9 a ver a la \u00abPilarica\u00bb para observar la ignorancia, para recordar la gran necesidad a mi alrededor y para animarme a seguir!<\/p>\n<p style=\"text-align: justify;\">\u00a0<strong>El s\u00e1bado por la ma\u00f1ana, estaremos en la Librer\u00eda Abba en Barcelona<\/strong> <strong>para apoyar su conferencia sobre el Dr. Martyn Lloyd-Jones<\/strong>. Peregrino es la editorial que m\u00e1s libros de Lloyd-Jones ha editado en espa\u00f1ol, y ha sido nuestro placer colaborar con los hermanos de Abba para organizar la conferencia. Hablar\u00e1 dos veces por la ma\u00f1ana el pastor Jos\u00e9 Moreno Berrocal sobre la vida y legado de aquel hombre gal\u00e9s tan usado por Dios no solo hace 50 a\u00f1os en Inglaterra sino hoy d\u00eda a lo largo y ancho del mundo.<\/p>\n<h3 style=\"text-align: justify;\">Visita a Caldes de Montbui<\/h3>\n<p style=\"text-align: justify;\">Aunque el s\u00e1bado por la tarde hab\u00eda por mi parte la tentaci\u00f3n de ver un partido de f\u00fatbol, vamos a resistirla, para que podamos visitar la ciudad de <strong>Caldes de Montbui.<\/strong> Un misionero gal\u00e9s, <strong>George Lawrence, fue grandemente usado por Dios para fundar varias iglesias en Espa\u00f1a<\/strong> hace m\u00e1s de un siglo, y vamos a visitar algunos sitios emblem\u00e1ticos de su ministerio, incluso la calle que lleva su nombre. \u00a1Cu\u00e1n importante es la historia! \u00a1Y cu\u00e1nto \u00e1nimo nos da a coger el testigo y correr un poco m\u00e1s.<\/p>\n<h3 style=\"text-align: justify;\">Comuni\u00f3n con los hermanos<\/h3>\n<p style=\"text-align: justify;\"><strong>El domingo por la ma\u00f1ana estaremos de visita en una congregaci\u00f3n de Barcelona para tener comuni\u00f3n<\/strong>, y si es posible hablar un poco de libros, la lectura y Peregrino. Despu\u00e9s abandonaremos la Ciudad Condal para emprender el viaje a Ciudad Real. <strong>Una semana diferente, pero importante en la vida de Peregrino.<\/strong> \u00a1Por favor, orad por nosotros!<\/p>\n<p style=\"text-align: justify;\"><img loading=\"lazy\" src=\"https:\/\/editorialperegrino.com\/blog\/wp-content\/uploads\/Mateo-252x300.jpg\" alt=\"OLYMPUS DIGITAL CAMERA\" width=\"63\" height=\"75\" \/><a href=\"https:\/\/editorialperegrino.com\/blog\/wp-content\/uploads\/Firma-MPH002.png\"><img loading=\"lazy\" src=\"https:\/\/editorialperegrino.com\/blog\/wp-content\/uploads\/Firma-MPH002-300x135.png\" alt=\"Firma-MPH002\" width=\"175\" height=\"85\" \/><\/a><\/p>\n<p>Mateo Hill \u00a0\u00a0<a title=\"director@editorialperegrino.com\" href=\"mailto:director@editorialperegrino.com\">administracion@editorialperegrino.com<\/a><\/p>\n<div><em>Se permite la reproducci\u00f3n de este art\u00edculo siempre que se cite su procedencia y se indique la direcci\u00f3n de nuestra p\u00e1gina web.<\/em><\/div>\n","protected":false},"excerpt":{"rendered":"<p>Esta semana estoy de viaje. No por mi querida patria, Inglaterra, sino por tierras catalanas. Un viaje de siete horas en el coche nos ha dejado en Coma-Ruga, cerca de&#8230;<\/p>\n","protected":false},"author":1,"featured_media":3785,"comment_status":"open","ping_status":"open","sticky":false,"template":"","format":"standard","meta":{"_links_to":"","_links_to_target":""},"categories":[5],"tags":[73],"_links":{"self":[{"href":"https:\/\/editorialperegrino.com\/blog\/wp-json\/wp\/v2\/posts\/3784"}],"collection":[{"href":"https:\/\/editorialperegrino.com\/blog\/wp-json\/wp\/v2\/posts"}],"about":[{"href":"https:\/\/editorialperegrino.com\/blog\/wp-json\/wp\/v2\/types\/post"}],"author":[{"embeddable":true,"href":"https:\/\/editorialperegrino.com\/blog\/wp-json\/wp\/v2\/users\/1"}],"replies":[{"embeddable":true,"href":"https:\/\/editorialperegrino.com\/blog\/wp-json\/wp\/v2\/comments?post=3784"}],"version-history":[{"count":0,"href":"https:\/\/editorialperegrino.com\/blog\/wp-json\/wp\/v2\/posts\/3784\/revisions"}],"wp:featuredmedia":[{"embeddable":true,"href":"https:\/\/editorialperegrino.com\/blog\/wp-json\/wp\/v2\/media\/3785"}],"wp:attachment":[{"href":"https:\/\/editorialperegrino.com\/blog\/wp-json\/wp\/v2\/media?parent=3784"}],"wp:term":[{"taxonomy":"category","embeddable":true,"href":"https:\/\/editorialperegrino.com\/blog\/wp-json\/wp\/v2\/categories?post=3784"},{"taxonomy":"post_tag","embeddable":true,"href":"https:\/\/editorialperegrino.com\/blog\/wp-json\/wp\/v2\/tags?post=3784"}],"curies":[{"name":"wp","href":"https:\/\/api.w.org\/{rel}","templated":true}]}}