{"id":3716,"date":"2015-04-21T11:56:35","date_gmt":"2015-04-21T11:56:35","guid":{"rendered":"http:\/\/editorialperegrino.com\/?p=3716"},"modified":"2015-04-21T12:13:30","modified_gmt":"2015-04-21T12:13:30","slug":"dia-internacional-del-libro","status":"publish","type":"post","link":"https:\/\/editorialperegrino.com\/blog\/dia-internacional-del-libro\/","title":{"rendered":"D\u00eda Internacional del Libro"},"content":{"rendered":"<p style=\"text-align: justify;\"><strong>Un a\u00f1o m\u00e1s llega el D\u00eda Internacional del Libro.<\/strong>\u00a0 Personalmente no soy \u00abfan\u00bb de los d\u00edas internacionales. Es que hay m\u00e1s d\u00edas internacionales que d\u00edas en el a\u00f1o. Al final terminaremos como en el calendario de santos cat\u00f3licos donde varios santos comparten el mismo d\u00eda. Pronto estaremos celebrando el D\u00eda Internacional de los Afectados por la U\u00f1a Encarnada y el D\u00eda Internacional de la Calabaza Podrida. Solo nos hace falta hacer un hueco en el calendario tan apretado de d\u00edas internacionales para celebrar el D\u00eda Internacional del D\u00eda Internacional.<\/p>\n<h3 style=\"text-align: justify;\">Celebrando el D\u00eda Internacional del Libro<\/h3>\n<p style=\"text-align: justify;\">Dicho todo eso, <strong>me alegra poder celebrar el D\u00eda del Libro.<\/strong> En primer lugar, porque nos permite ofrecer, de forma completamente legal, un descuento un poco mayor del 5% habitual que podemos ofrecer a los socios del Club Peregrino. <strong>Puedes celebrar el D\u00eda Internacional del Libro con nosotros esta semana y recibir un 10% en todos tus pedidos.<\/strong><\/p>\n<h3 style=\"text-align: justify;\">Importancia del D\u00eda del Libro<\/h3>\n<p style=\"text-align: justify;\">Claramente lo m\u00e1s importante de la celebraci\u00f3n del 23 de abril es todo lo que se relaciona con el <strong>fomento del h\u00e1bito de lectura.<\/strong> Todo lo que es hablar de los libros como algo de la actualidad, algo moderno, algo que entretiene que no tiene que ver con la televisi\u00f3n, el internet o la videoconsola es bienvenido.<\/p>\n<p style=\"text-align: justify;\"><strong>Es imprescindible que leamos<\/strong>. No lo digo porque las editoriales tienen que vivir. Sino m\u00e1s bien porque el ser humano necesita vivir. <strong>Lo que leemos alimenta el alma<\/strong>, <strong>estimula la mente y forma el car\u00e1cter.<\/strong> Sin la lectura \u00bfqu\u00e9 somos? Poco m\u00e1s que un espantap\u00e1jaros con la cabeza de paja. Como bien se ha dicho, \u00abDime lo que lees y te dir\u00e9 quien eres\u00bb.<\/p>\n<h3 style=\"text-align: justify;\">Los j\u00f3venes y la lectura<\/h3>\n<p style=\"text-align: justify;\">Durante la Semana Santa mi esposa y yo ayudamos en un campamento de j\u00f3venes. Por supuesto, llev\u00e9 una mesa de libros de Peregrino. No es que vendiera muchos libros. Pero algunos, s\u00ed. Y qu\u00e9 gozo ver a algunos de los j\u00f3venes comprando libros. M\u00e1s gozo a\u00fan verles despu\u00e9s sentados en el jard\u00edn leyendo. \u00a1S\u00ed, un joven leyendo un libro!<\/p>\n<h3 style=\"text-align: justify;\">Seamos ejemplo<\/h3>\n<p style=\"text-align: justify;\">Claro, no es de los pobres j\u00f3venes todo el problema. Aunque suelen cargarse con la culpa de todo, si no leen ellos puede ser porque muchos de los padres tampoco leen. <strong>\u00bfQu\u00e9 ejemplo damos a los que nos siguen?<\/strong> \u00bfQu\u00e9 ejemplo doy yo? El ap\u00f3stol Pablo, al escribir a su hijo espiritual Timoteo, dijo: <strong>\u00abTrae cuando vengas\u2026 los libros\u00bb<\/strong>. \u00bfHabr\u00edamos dicho lo mismo?<\/p>\n<p style=\"text-align: justify;\"><img loading=\"lazy\" src=\"https:\/\/editorialperegrino.com\/blog\/wp-content\/uploads\/Mateo-252x300.jpg\" alt=\"OLYMPUS DIGITAL CAMERA\" width=\"63\" height=\"75\" \/><a href=\"https:\/\/editorialperegrino.com\/blog\/wp-content\/uploads\/Firma-MPH002.png\"><img loading=\"lazy\" src=\"https:\/\/editorialperegrino.com\/blog\/wp-content\/uploads\/Firma-MPH002-300x135.png\" alt=\"Firma-MPH002\" width=\"175\" height=\"85\" \/><\/a><\/p>\n<p>Mateo Hill \u00a0\u00a0<a title=\"director@editorialperegrino.com\" href=\"mailto:director@editorialperegrino.com\">administracion@editorialperegrino.com<\/a><\/p>\n<div><em>Se permite la reproducci\u00f3n de este art\u00edculo siempre que se cite su procedencia y se indique la direcci\u00f3n de nuestra p\u00e1gina web.<\/em><\/div>\n","protected":false},"excerpt":{"rendered":"<p>Un a\u00f1o m\u00e1s llega el D\u00eda Internacional del Libro.\u00a0 Personalmente no soy \u00abfan\u00bb de los d\u00edas internacionales. Es que hay m\u00e1s d\u00edas internacionales que d\u00edas en el a\u00f1o. Al final&#8230;<\/p>\n","protected":false},"author":1,"featured_media":3717,"comment_status":"open","ping_status":"open","sticky":false,"template":"","format":"standard","meta":{"_links_to":"","_links_to_target":""},"categories":[5],"tags":[131,130,129],"_links":{"self":[{"href":"https:\/\/editorialperegrino.com\/blog\/wp-json\/wp\/v2\/posts\/3716"}],"collection":[{"href":"https:\/\/editorialperegrino.com\/blog\/wp-json\/wp\/v2\/posts"}],"about":[{"href":"https:\/\/editorialperegrino.com\/blog\/wp-json\/wp\/v2\/types\/post"}],"author":[{"embeddable":true,"href":"https:\/\/editorialperegrino.com\/blog\/wp-json\/wp\/v2\/users\/1"}],"replies":[{"embeddable":true,"href":"https:\/\/editorialperegrino.com\/blog\/wp-json\/wp\/v2\/comments?post=3716"}],"version-history":[{"count":0,"href":"https:\/\/editorialperegrino.com\/blog\/wp-json\/wp\/v2\/posts\/3716\/revisions"}],"wp:featuredmedia":[{"embeddable":true,"href":"https:\/\/editorialperegrino.com\/blog\/wp-json\/wp\/v2\/media\/3717"}],"wp:attachment":[{"href":"https:\/\/editorialperegrino.com\/blog\/wp-json\/wp\/v2\/media?parent=3716"}],"wp:term":[{"taxonomy":"category","embeddable":true,"href":"https:\/\/editorialperegrino.com\/blog\/wp-json\/wp\/v2\/categories?post=3716"},{"taxonomy":"post_tag","embeddable":true,"href":"https:\/\/editorialperegrino.com\/blog\/wp-json\/wp\/v2\/tags?post=3716"}],"curies":[{"name":"wp","href":"https:\/\/api.w.org\/{rel}","templated":true}]}}