{"id":2218,"date":"2013-09-30T13:58:46","date_gmt":"2013-09-30T13:58:46","guid":{"rendered":"http:\/\/editorialperegrino.com\/?p=2218"},"modified":"2013-09-30T14:31:54","modified_gmt":"2013-09-30T14:31:54","slug":"a-fin-de-conocerle","status":"publish","type":"post","link":"https:\/\/editorialperegrino.com\/blog\/a-fin-de-conocerle\/","title":{"rendered":"A fin de conocerle"},"content":{"rendered":"<div>\n<div>\n<div>\n<h3 style=\"text-align: justify;\">A fin de conocerle<\/h3>\n<p style=\"text-align: justify;\">Cuando Pablo, en Filipenses cap\u00edtulo 3, contempla\u00a0la justicia concerniente a Dios que se nos da en Cristo, a duras penas logra contenerse y apila un ep\u00edteto encima de otro al pensar en la gloria de este conocimiento. Pero eso, seg\u00fan el Ap\u00f3stol, solo es la primera parte. Es la primera parte, y es vital; pero gracias a Dios no se queda en eso. La posici\u00f3n de Pablo es que ha llegado a ver que todo, todo ese <strong>\u201cexcelente conocimiento\u201d<\/strong>, est\u00e1 personificado en el Se\u00f1or Jesucristo: en su perfecta vida de obediencia y su muerte expiatoria.<\/p>\n<p style=\"text-align: justify;\">Pero, al contemplar estas cosas, Pablo ve otra cosa tambi\u00e9n, y en los vers\u00edculos 10 y 11 pasa a hablarnos de ese <strong>conocimiento adicional<\/strong> que ha encontrado en Cristo y que desea conocer a\u00fan mejor. En los vers\u00edculos 10 y 11 declara esa ambici\u00f3n por la que cuenta todo lo dem\u00e1s como p\u00e9rdida. Nos dice que est\u00e1 tirando como un perro de una correa. Quiere conocerlo, quiere aprehenderlo y quiere ser asido por ello.<\/p>\n<h3 style=\"text-align: justify;\">Conocimiento adicional<\/h3>\n<p style=\"text-align: justify;\">Y lo primero que nos dice acerca de este conocimiento adicional es que desea <strong>conocer mejor a Cristo<\/strong> mismo: \u201cA\u00a0fin de conocerle\u201d.\u00a0Ahora bien, es muy importante que tengamos clara esta afirmaci\u00f3n. Pablo no dice que est\u00e9 deseoso de\u00a0tener un mayor conocimiento acerca de Cristo. Ni tampoco dice que desee ser m\u00e1s consciente de ciertas verdades concernientes a Cristo. En un sentido el Ap\u00f3stol lo deseaba, pero lo que est\u00e1 diciendo va mucho m\u00e1s lejos. Nos dice que anhela un conocimiento mayor y m\u00e1s personal del Se\u00f1or mismo.<\/p>\n<\/div>\n<\/div>\n<\/div>\n<p style=\"text-align: justify;\">Ahora bien, esto no solo debiera ser cierto del ap\u00f3stol Pablo, tambi\u00e9n debe serlo de todos nosotros. Tengamos esto muy claro con respecto a nosotros. No es probable que veamos al Se\u00f1or resucitado como lo hizo Pablo, porque, tal como hemos visto, eso fue \u00fanico. Pablo recibi\u00f3 esa visi\u00f3n en el camino a Damasco porque fue llamado a ser un Ap\u00f3stol y, por definici\u00f3n, un Ap\u00f3stol deb\u00eda ser testigo de la Resurrecci\u00f3n. En 1 Corintios 15 es como si dijera: \u201cNo le vi durante los cuarenta d\u00edas tal como hicieron los dem\u00e1s; le vi despu\u00e9s, recib\u00ed esa visi\u00f3n especial para ser hecho Ap\u00f3stol\u201d. No vamos a tener esa experiencia porque no est\u00e1 destinada a nosotros, pero s\u00ed estamos destinados a tener una comuni\u00f3n viviente, personal y real con el Se\u00f1or resucitado. Si como cristiano solo puedo decir que creo ciertas cosas con respecto a Cristo, entonces soy un peque\u00f1o reci\u00e9n nacido en Cristo. Por supuesto, debo creer ciertas cosas acerca de \u00c9l, y <strong>mi fe debe descansar en \u00c9l<\/strong> objetivamente, pero el cristianismo no se queda en eso. El que es verdaderamente cristiano es aquel que tiene esta comuni\u00f3n viviente con \u00c9l&#8230;\u00a0no meramente creyendo ciertas cosas acerca de \u00c9l, sino siendo verdaderamente consciente de su presencia. A veces cuando est\u00e1s orando a solas, a veces\u00a0cuando est\u00e1s leyendo las Escrituras, a veces cuando meditas en estas cosas, se produce una extra\u00f1a conciencia de que hay otro, alguien m\u00e1s, presente; de que no est\u00e1s solo y parece estar habl\u00e1ndote. No oyes, pero comprendes el mensaje. Comprendes lo que est\u00e1 diciendo. Est\u00e1 ah\u00ed, estimul\u00e1ndote por algo que has hecho o quiz\u00e1 reprendi\u00e9ndote o censur\u00e1ndote. Se est\u00e1 mostrando como alguien glorioso y maravilloso, pidi\u00e9ndote que te acerques m\u00e1s y pases m\u00e1s tiempo con \u00c9l. Estas son las cosas, esto es parte de la comuni\u00f3n acerca de la cual est\u00e1 hablando el Ap\u00f3stol.<\/p>\n<div title=\"Page 155\">\n<h3 style=\"text-align: justify;\">Comuni\u00f3n por fe<\/h3>\n<p style=\"text-align: justify;\">Ha resucitado, est\u00e1 vivo, el Ap\u00f3stol le vio realmente, pero <strong>es posible tener esta comuni\u00f3n por fe<\/strong> y Pablo anhelaba m\u00e1s de ella. Y la pregunta para nosotros es ahora: \u00bfanhelamos tambi\u00e9n m\u00e1s de ella? A m\u00ed me parece cada vez m\u00e1s que eso es lo que debiera preocuparnos a todos los que somos cristianos; ciertamente, creo que es una de las cosas que diferencian al verdadero cristiano de cualquier otra persona en este mundo. Todo el mundo quiere algo; todo el mundo desea tener algo; t\u00fa y yo tenemos todo tipo de ambiciones. Ahora bien, lo que tenemos aqu\u00ed es que el cristiano es alguien que dice: \u201cLo que anhelo por encima de todo lo dem\u00e1s es conocerle mejor, y cuando pienso en eso, todo lo dem\u00e1s pierde toda su importancia en comparaci\u00f3n. Si vendiendo todo lo que tengo, o abandonando todo lo que he sido hasta ahora, si haciendo eso, pudiera tener un conocimiento m\u00e1s profundo, una comprensi\u00f3n m\u00e1s verdadera, una comuni\u00f3n m\u00e1s cercana, lo har\u00eda alegremente\u201d. Esa es la prueba, esa fue la experiencia de Pablo y debiera ser la experiencia de cada uno de nosotros.<\/p>\n<p style=\"text-align: justify;\"><span style=\"font-family: NewBaskerville;\">Cita tomada del libro\u00a0<i>Una vida de gozo y paz,<\/i>\u00a0por Martyn Lloyd-Jones (pp. 304-308)<\/span><\/p>\n<p><a href=\"https:\/\/editorialperegrino.com\/blog\/wp-content\/uploads\/Mateo.jpg\"><img loading=\"lazy\" alt=\"OLYMPUS DIGITAL CAMERA\" src=\"https:\/\/editorialperegrino.com\/blog\/wp-content\/uploads\/Mateo-252x300.jpg\" width=\"63\" height=\"75\" \/><\/a><a href=\"https:\/\/editorialperegrino.com\/blog\/wp-content\/uploads\/Firma-MPH002.png\"><img loading=\"lazy\" alt=\"Firma-MPH002\" src=\"https:\/\/editorialperegrino.com\/blog\/wp-content\/uploads\/Firma-MPH002-300x135.png\" width=\"175\" height=\"85\" \/><\/a><\/p>\n<p>Mateo Hill \u00a0\u00a0<a title=\"director@editorialperegrino.com\" href=\"mailto:director@editorialperegrino.com\">administracion@editorialperegrino.com<\/a><\/p>\n<div><em>Se permite la reproducci\u00f3n de este art\u00edculo siempre que se cite su procedencia y se indique la direcci\u00f3n de nuestra p\u00e1gina web.<\/em><\/div>\n<\/div>\n","protected":false},"excerpt":{"rendered":"<p>A fin de conocerle Cuando Pablo, en Filipenses cap\u00edtulo 3, contempla\u00a0la justicia concerniente a Dios que se nos da en Cristo, a duras penas logra contenerse y apila un ep\u00edteto&#8230;<\/p>\n","protected":false},"author":1,"featured_media":2219,"comment_status":"open","ping_status":"open","sticky":false,"template":"","format":"standard","meta":{"_links_to":"","_links_to_target":""},"categories":[5],"tags":[14,90,13],"_links":{"self":[{"href":"https:\/\/editorialperegrino.com\/blog\/wp-json\/wp\/v2\/posts\/2218"}],"collection":[{"href":"https:\/\/editorialperegrino.com\/blog\/wp-json\/wp\/v2\/posts"}],"about":[{"href":"https:\/\/editorialperegrino.com\/blog\/wp-json\/wp\/v2\/types\/post"}],"author":[{"embeddable":true,"href":"https:\/\/editorialperegrino.com\/blog\/wp-json\/wp\/v2\/users\/1"}],"replies":[{"embeddable":true,"href":"https:\/\/editorialperegrino.com\/blog\/wp-json\/wp\/v2\/comments?post=2218"}],"version-history":[{"count":0,"href":"https:\/\/editorialperegrino.com\/blog\/wp-json\/wp\/v2\/posts\/2218\/revisions"}],"wp:featuredmedia":[{"embeddable":true,"href":"https:\/\/editorialperegrino.com\/blog\/wp-json\/wp\/v2\/media\/2219"}],"wp:attachment":[{"href":"https:\/\/editorialperegrino.com\/blog\/wp-json\/wp\/v2\/media?parent=2218"}],"wp:term":[{"taxonomy":"category","embeddable":true,"href":"https:\/\/editorialperegrino.com\/blog\/wp-json\/wp\/v2\/categories?post=2218"},{"taxonomy":"post_tag","embeddable":true,"href":"https:\/\/editorialperegrino.com\/blog\/wp-json\/wp\/v2\/tags?post=2218"}],"curies":[{"name":"wp","href":"https:\/\/api.w.org\/{rel}","templated":true}]}}