{"id":1500,"date":"2013-06-03T11:06:02","date_gmt":"2013-06-03T11:06:02","guid":{"rendered":"http:\/\/editorialperegrino.com\/?p=1500"},"modified":"2013-06-03T11:09:08","modified_gmt":"2013-06-03T11:09:08","slug":"noticias-nuevas","status":"publish","type":"post","link":"https:\/\/editorialperegrino.com\/blog\/noticias-nuevas\/","title":{"rendered":"Noticias nuevas"},"content":{"rendered":"<h2>\u00a0<a href=\"https:\/\/editorialperegrino.com\/blog\/wp-content\/uploads\/Buenas_noticias.jpg\"><img loading=\"lazy\" class=\"size-full wp-image-1502 alignleft\" style=\"border: 1px solid black; margin: 0px 5px;\" alt=\"Buenas_noticias\" src=\"https:\/\/editorialperegrino.com\/blog\/wp-content\/uploads\/Buenas_noticias.jpg\" width=\"222\" height=\"227\" \/><\/a><span style=\"text-decoration: underline;\"><strong>\u00bfCu\u00e1ndo dejar\u00e1n de ser \u00abnuevas\u00bb las noticias?<\/strong><\/span><\/h2>\n<p>Ser evang\u00e9lico siempre conlleva la posibilidad de ser tildado de arcaico. <strong>Tanto nuestra fe como nuestro mensaje son milenarios<\/strong>. Estamos, adem\u00e1s, en contra de innovaciones doctrinales, pues, como dec\u00eda Spurgeon, lo \u00fanico nuevo en teolog\u00eda es lo falso: la verdad ya se conoce desde siempre.<\/p>\n<p>La <strong>acusaci\u00f3n de arca\u00edsmo<\/strong> es, pues, con frecuencia, infundada. Nuestro mensaje es el m\u00e1s pertinente y actual que se conoce porque no va dirigido a las circunstancias transitorias del hombre sino a su car\u00e1cter m\u00e1s esencial.<\/p>\n<p>Existe, sin embargo, el peligro de posturas arcaizantes en cuanto al <strong>veh\u00edculo del mensaje<\/strong>: no con respecto a la Palabra sino a las palabras que la transmiten.<\/p>\n<h2>Se mantiene lo obsoleto<\/h2>\n<p>Esto es una falta com\u00fan de las traducciones antiguas de la Biblia que, al ser consideradas sacrosantas, son las \u00fanicas que se utilizan en algunos lugares, pero que necesitan no s\u00f3lo ser predicadas sino tambi\u00e9n interpretadas por los predicadores. \u00a1Cu\u00e1ntos de estos gastan un tiempo precioso explicando palabras y expresiones que han quedado obsoletas!<\/p>\n<p>Quiz\u00e1 por la raz\u00f3n anterior, existe la tendencia a <strong>utilizar vocablos arcaicos<\/strong> aun fuera del contexto de la predicaci\u00f3n y hasta en el contexto de la evangelizaci\u00f3n, cuando el lenguaje debe ser lo m\u00e1s contempor\u00e1neo posible.<\/p>\n<h2>Las nuevas de mediod\u00eda<\/h2>\n<p>Una de tales expresiones que se resiste a tener una muerte digna es la \u201cbuena nueva\u201d (referida al Evangelio), que algunas iglesias han perpetuado hasta en la fachada de sus capillas o en el t\u00edtulo de sus actividades. Todos sabemos que significa \u201c<strong>buena noticia<\/strong>\u201d y as\u00ed es como se expresa la gente de hoy. A ninguna televisi\u00f3n se le ocurrir\u00eda jam\u00e1s anuncias las \u201cNuevas de las 3\u201d (ya sean estas buenas o malas) o las \u201cTelenuevas\u201d de cualquier otra hora. \u00bfPor qu\u00e9 nos empecinamos, pues, los evang\u00e9licos en expresarnos de forma que damos la impresi\u00f3n de ser de otro siglo (adem\u00e1s de ser de otro mundo)?<\/p>\n<p>Es bien sabido que los autores del Nuevo Testamento utilizaron no el griego literario \u00e1tico del mundo de la cultura, sino el coin\u00e9 (gr. <em>koin\u00e9<\/em>) que se hablaba en la calle. <strong>\u00bfHabla de nuevas el hombre de la calle del siglo XXI? <\/strong><\/p>\n<p>En cualquier caso, las noticias del Evangelio no son nuevas: \u00a1tienen ya dos mil a\u00f1os y, seg\u00fan qu\u00e9 c\u00f3mputos, m\u00e1s de cuatro mil!<\/p>\n<p><a href=\"https:\/\/editorialperegrino.com\/blog\/trabajos-divinos\/olympus-digital-camera\/\" rel=\"attachment wp-att-967\"><img loading=\"lazy\" title=\"OLYMPUS DIGITAL CAMERA\" alt=\"\" src=\"https:\/\/editorialperegrino.com\/blog\/wp-content\/uploads\/Demetrio-150x150.jpg\" width=\"63\" height=\"63\" \/><\/a>\u00a0\u00a0<img loading=\"lazy\" alt=\"Firma DC transparente\" src=\"https:\/\/editorialperegrino.com\/blog\/wp-content\/uploads\/Firma-DC-transparente.png\" width=\"112\" height=\"46\" \/><\/p>\n<p>Demetrio C\u00e1novas \u00a0\u00a0<a title=\"director@editorialperegrino.com\" href=\"mailto:director@editorialperegrino.com\">director@editorialperegrino.com<\/a><\/p>\n<p>Este art\u00edculo pertenece a la serie \u201c<a title=\"La Palabra y las palabras\" href=\"https:\/\/editorialperegrino.com\/blog\/category\/la-palabra-y-las-palabras\/\">La Palabra y las palabras<\/a>\u00bb<\/p>\n<div><em>Se permite la reproducci\u00f3n de este art\u00edculo siempre que se cite su procedencia y se indique la direcci\u00f3n de nuestra p\u00e1gina web.<\/em><\/div>\n","protected":false},"excerpt":{"rendered":"<p>\u00a0\u00bfCu\u00e1ndo dejar\u00e1n de ser \u00abnuevas\u00bb las noticias? Ser evang\u00e9lico siempre conlleva la posibilidad de ser tildado de arcaico. Tanto nuestra fe como nuestro mensaje son milenarios. Estamos, adem\u00e1s, en contra&#8230;<\/p>\n","protected":false},"author":1,"featured_media":1502,"comment_status":"open","ping_status":"open","sticky":false,"template":"","format":"standard","meta":{"_links_to":"","_links_to_target":""},"categories":[5,57],"tags":[66],"_links":{"self":[{"href":"https:\/\/editorialperegrino.com\/blog\/wp-json\/wp\/v2\/posts\/1500"}],"collection":[{"href":"https:\/\/editorialperegrino.com\/blog\/wp-json\/wp\/v2\/posts"}],"about":[{"href":"https:\/\/editorialperegrino.com\/blog\/wp-json\/wp\/v2\/types\/post"}],"author":[{"embeddable":true,"href":"https:\/\/editorialperegrino.com\/blog\/wp-json\/wp\/v2\/users\/1"}],"replies":[{"embeddable":true,"href":"https:\/\/editorialperegrino.com\/blog\/wp-json\/wp\/v2\/comments?post=1500"}],"version-history":[{"count":0,"href":"https:\/\/editorialperegrino.com\/blog\/wp-json\/wp\/v2\/posts\/1500\/revisions"}],"wp:featuredmedia":[{"embeddable":true,"href":"https:\/\/editorialperegrino.com\/blog\/wp-json\/wp\/v2\/media\/1502"}],"wp:attachment":[{"href":"https:\/\/editorialperegrino.com\/blog\/wp-json\/wp\/v2\/media?parent=1500"}],"wp:term":[{"taxonomy":"category","embeddable":true,"href":"https:\/\/editorialperegrino.com\/blog\/wp-json\/wp\/v2\/categories?post=1500"},{"taxonomy":"post_tag","embeddable":true,"href":"https:\/\/editorialperegrino.com\/blog\/wp-json\/wp\/v2\/tags?post=1500"}],"curies":[{"name":"wp","href":"https:\/\/api.w.org\/{rel}","templated":true}]}}