{"id":1481,"date":"2013-05-22T08:44:33","date_gmt":"2013-05-22T08:44:33","guid":{"rendered":"http:\/\/editorialperegrino.com\/?p=1481"},"modified":"2013-05-22T08:48:51","modified_gmt":"2013-05-22T08:48:51","slug":"reverencia-gramatical","status":"publish","type":"post","link":"https:\/\/editorialperegrino.com\/blog\/reverencia-gramatical\/","title":{"rendered":"Reverencia gramatical"},"content":{"rendered":"<p style=\"text-align: justify;\"><strong><a href=\"https:\/\/editorialperegrino.com\/blog\/wp-content\/uploads\/Reverencia2.jpg\"><br \/>\n<\/a>LA PALABRA Y LAS PALABRAS<\/strong><\/p>\n<p style=\"text-align: justify;\"><strong><strong><a href=\"https:\/\/editorialperegrino.com\/blog\/wp-content\/uploads\/Reverencia2.jpg\"><img loading=\"lazy\" class=\"alignleft\" style=\"margin-left: 5px; margin-right: 5px;\" alt=\"Reverencia2\" src=\"https:\/\/editorialperegrino.com\/blog\/wp-content\/uploads\/Reverencia2.jpg\" width=\"130\" height=\"130\" \/><\/a><\/strong>Reverencia gramatical<\/strong><\/p>\n<p style=\"text-align: justify;\">La reverencia es una condici\u00f3n <em>sine qua non<\/em> del cristiano. Un creyente irreverente es una contradicci\u00f3n de t\u00e9rminos. Eso deber\u00edamos tenerlo claro. El \u00e1rea gris de este asunto, sin embargo, tiene que ver no con la irreverencia, sino con la falta de reverencia. Lo que para unos es falta de reverencia, para otros para otros es otra cosa que nada tiene que ver con la cuesti\u00f3n.<\/p>\n<p style=\"text-align: justify;\">Un aspecto de la reverencia tiene que ver con la gram\u00e1tica. Dice Mar\u00eda Moliner en su conocido Diccionario que, en espa\u00f1ol, <strong>el uso de la may\u00fascula tiene m\u00e1s valor reverencial que gramatical<\/strong>, y llega a llamarlo un \u201csigno psicol\u00f3gico\u201d. Pues bien, si el uso de las may\u00fasculas tiene ese valor reverencial y psicol\u00f3gico, muchos evang\u00e9licos (posiblemente por razones pr\u00e1cticas) hacen caso omiso de la oportunidad que nos ofrece la gram\u00e1tica para expresar reverencia. \u00bfHabr\u00e1, quiz\u00e1, razones \u201cpsicol\u00f3gicas\u201d para ello?<\/p>\n<p style=\"text-align: justify;\"><strong>Lo que hace el mundo<\/strong><\/p>\n<p style=\"text-align: justify;\">Mientras que el mundo reverencia sus instituciones, entidades y conceptos con el uso de las may\u00fasculas (el Gobierno, el Ej\u00e9rcito, la Administraci\u00f3n, la Corporaci\u00f3n, el Rey, los Estatutos, la Ley, la Paz, la Justicia, etc.), entre los evang\u00e9licos parece estar en auge la costumbre de escribir con min\u00fascula palabras que (si bien gramaticalmente no la requieren en el sentido estricto de ser nombres propios) podr\u00edan llevarla para enfatizar con ello la importancia o reverencia debidas a los conceptos que expresan. As\u00ed vemos palabras y expresiones, como el evangelio, la escritura (referida a la Biblia), la palabra de Dios, \u00e9l (referido a Dios), la iglesia, el reino de Dios, la ley de Dios, el cielo, etc., escritas sin el m\u00e1s m\u00ednimo atisbo de realce ni diferenciaci\u00f3n ortogr\u00e1fica. Si bien ser\u00eda un error tildar de falta de reverencia a dichos hermanos, creo sinceramente que pierden una oportunidad leg\u00edtima de mostrar por escrito su reverencia por las cosas sagradas.<\/p>\n<p style=\"text-align: justify;\"><strong>Hag\u00e1moslo bien<\/strong><\/p>\n<p style=\"text-align: justify;\">Pero hay m\u00e1s. Al omitir las may\u00fasculas de esta manera, se est\u00e1n contraviniendo las normas que nos sugiere nada menos que la Real Academia Espa\u00f1ola. Esta noble instituci\u00f3n (m\u00e1s admirada que obedecida) nos ofrece una serie de normas en cuanto al uso de las may\u00fasculas tratando de poner un poco de orden en esta cuesti\u00f3n, que Mar\u00eda Moliner califica como la m\u00e1s ca\u00f3tica de la ortograf\u00eda. Algunas de ellas tienen que ver con la terminolog\u00eda religiosa. As\u00ed, especifica (en la \u00faltima edici\u00f3n de su <em>Ortograf\u00eda de la lengua espa\u00f1ola<\/em>, revisada por las dem\u00e1s Academias de la Lengua Espa\u00f1ola) que se deben utilizar may\u00fasculas para designar \u201cconceptos o hechos religiosos (<em>la Anunciaci\u00f3n, la Revelaci\u00f3n, la Reforma<\/em>) [\u2026] Los pronombres <em>T\u00fa, Ti, Tuyo, Vos, \u00c9l, Ella<\/em>, en las alusiones a la Divinidad [\u2026] Conceptos religiosos como <em>el Para\u00edso, el Infierno<\/em>, etc.\u201d Y ya que el prop\u00f3sito de la Academia es unificar el uso del espa\u00f1ol en todo el mundo hispano, no demos la nota los evang\u00e9licos escribiendo \u201ca nuestra manera\u201d.<\/p>\n<p style=\"text-align: justify;\"><strong>Pero sin pasar<\/strong><\/p>\n<p style=\"text-align: justify;\">Dicho esto, hay que advertir del peligro en que caen otros hermanos que (tal vez movidos por un celo \u201cno conforme a ciencia\u201d) prodigan las may\u00fasculas de forma tan generalizada e indiscriminada que el efecto resulta <strong>contraproducente<\/strong>. Si nos dedicamos a escribir Gracia, Soberan\u00eda, Poder, Amor, Fe, Cristiano, etc. con may\u00fascula, la reverencia se convierte en ordinariez. Es m\u00e1s, la RAE limita este uso arbitrario de las may\u00fasculas a \u201cescritos publicitarios, propagand\u00edsticos o de textos afines\u201d. Creo que ah\u00ed no deber\u00edamos incluirnos nosotros<\/p>\n<p><a href=\"https:\/\/editorialperegrino.com\/blog\/trabajos-divinos\/olympus-digital-camera\/\" rel=\"attachment wp-att-967\"><img loading=\"lazy\" title=\"OLYMPUS DIGITAL CAMERA\" alt=\"\" src=\"https:\/\/editorialperegrino.com\/blog\/wp-content\/uploads\/Demetrio-150x150.jpg\" width=\"63\" height=\"63\" \/><\/a>\u00a0\u00a0<img loading=\"lazy\" alt=\"Firma DC transparente\" src=\"https:\/\/editorialperegrino.com\/blog\/wp-content\/uploads\/Firma-DC-transparente.png\" width=\"112\" height=\"46\" \/><\/p>\n<p>Demetrio C\u00e1novas \u00a0\u00a0<a title=\"director@editorialperegrino.com\" href=\"mailto:director@editorialperegrino.com\">director@editorialperegrino.com<\/a><\/p>\n<p>Este art\u00edculo pertenece a la serie \u201c<a title=\"La Palabra y las palabras\" href=\"https:\/\/editorialperegrino.com\/blog\/category\/la-palabra-y-las-palabras\/\">La Palabra y las palabras<\/a>\u00bb<\/p>\n<div><em>Se permite la reproducci\u00f3n de este art\u00edculo siempre que se cite su procedencia y se indique la direcci\u00f3n de nuestra p\u00e1gina web.<\/em><\/div>\n<p>&nbsp;<\/p>\n","protected":false},"excerpt":{"rendered":"<p>LA PALABRA Y LAS PALABRAS Reverencia gramatical La reverencia es una condici\u00f3n sine qua non del cristiano. Un creyente irreverente es una contradicci\u00f3n de t\u00e9rminos. Eso deber\u00edamos tenerlo claro. El&#8230;<\/p>\n","protected":false},"author":4,"featured_media":1483,"comment_status":"open","ping_status":"open","sticky":false,"template":"","format":"standard","meta":{"_links_to":"","_links_to_target":""},"categories":[5,57],"tags":[],"_links":{"self":[{"href":"https:\/\/editorialperegrino.com\/blog\/wp-json\/wp\/v2\/posts\/1481"}],"collection":[{"href":"https:\/\/editorialperegrino.com\/blog\/wp-json\/wp\/v2\/posts"}],"about":[{"href":"https:\/\/editorialperegrino.com\/blog\/wp-json\/wp\/v2\/types\/post"}],"author":[{"embeddable":true,"href":"https:\/\/editorialperegrino.com\/blog\/wp-json\/wp\/v2\/users\/4"}],"replies":[{"embeddable":true,"href":"https:\/\/editorialperegrino.com\/blog\/wp-json\/wp\/v2\/comments?post=1481"}],"version-history":[{"count":0,"href":"https:\/\/editorialperegrino.com\/blog\/wp-json\/wp\/v2\/posts\/1481\/revisions"}],"wp:featuredmedia":[{"embeddable":true,"href":"https:\/\/editorialperegrino.com\/blog\/wp-json\/wp\/v2\/media\/1483"}],"wp:attachment":[{"href":"https:\/\/editorialperegrino.com\/blog\/wp-json\/wp\/v2\/media?parent=1481"}],"wp:term":[{"taxonomy":"category","embeddable":true,"href":"https:\/\/editorialperegrino.com\/blog\/wp-json\/wp\/v2\/categories?post=1481"},{"taxonomy":"post_tag","embeddable":true,"href":"https:\/\/editorialperegrino.com\/blog\/wp-json\/wp\/v2\/tags?post=1481"}],"curies":[{"name":"wp","href":"https:\/\/api.w.org\/{rel}","templated":true}]}}