{"id":1406,"date":"2013-05-06T10:00:45","date_gmt":"2013-05-06T10:00:45","guid":{"rendered":"http:\/\/editorialperegrino.com\/?p=1406"},"modified":"2013-05-04T09:06:39","modified_gmt":"2013-05-04T09:06:39","slug":"pedro-jimenez-de-irun-opina-sobre-calidad-libros","status":"publish","type":"post","link":"https:\/\/editorialperegrino.com\/blog\/pedro-jimenez-de-irun-opina-sobre-calidad-libros\/","title":{"rendered":"Pedro Jimen\u00e9z de Ir\u00fan, opina sobre la calidad de nuestra literatura."},"content":{"rendered":"<blockquote><p>Mi nombre es Pedro Jim\u00e9nez, soy de Ir\u00fan y estoy suscrito a la revista Nueva Reforma.<\/p><\/blockquote>\n<p><iframe loading=\"lazy\" width=\"600\" height=\"360\" src=\"http:\/\/www.youtube.com\/embed\/P_wp9mfriyk?feature=player_embedded\" frameborder=\"0\" allowfullscreen><\/iframe><\/p>\n<blockquote><p>Suelo recibir mucha informaci\u00f3n de la Editorial Peregrino. En todos los libros que he le\u00eddo es una garant\u00eda de una sana doctrina, de informaci\u00f3n veraz y son de mucha edificaci\u00f3n.<\/p>\n<p>De los \u00faltimos libros que he le\u00eddo: adoraci\u00f3n en crisis de Peter Masters, Tenemos una pol\u00edtica, del mismo autor y los libros de ense\u00f1anzas para toda vida, escritos por la esposa de este mismo autor Jill Masters.<\/p>\n<p>Me gusta la lectura y leo mucho, toda mi formaci\u00f3n ha sido pr\u00e1cticamente auto-formaci\u00f3n a trav\u00e9s de la lectura de libros y material muy escogido. En Editorial Peregrino tengo la garant\u00eda de que cualquier libro que pueda adquirir no voy a tener problemas en cuanto a posibles errores.<\/p>\n<p>Es muy importante que nuestro estilo de vida, como dice el ap\u00f3stol Pablo en Romanos 12, \u00a0sea transformado, modificado, cambiado, a la luz de la palabra de Dios y de una sana doctrina.<\/p><\/blockquote>\n[message type=\u00bbsuccess\u00bb]Esta grabaci\u00f3n fue realizada durante la VII Conferencia que realizamos el pasado 6 de abril de 2013 y que tuvo lugar en la iglesia evang\u00e9lica de valdepe\u00f1as.[\/message]\n","protected":false},"excerpt":{"rendered":"<p>Mi nombre es Pedro Jim\u00e9nez, soy de Ir\u00fan y estoy suscrito a la revista Nueva Reforma. Suelo recibir mucha informaci\u00f3n de la Editorial Peregrino. En todos los libros que he&#8230;<\/p>\n","protected":false},"author":1,"featured_media":1407,"comment_status":"open","ping_status":"open","sticky":false,"template":"","format":"standard","meta":{"_links_to":"","_links_to_target":""},"categories":[69],"tags":[70],"_links":{"self":[{"href":"https:\/\/editorialperegrino.com\/blog\/wp-json\/wp\/v2\/posts\/1406"}],"collection":[{"href":"https:\/\/editorialperegrino.com\/blog\/wp-json\/wp\/v2\/posts"}],"about":[{"href":"https:\/\/editorialperegrino.com\/blog\/wp-json\/wp\/v2\/types\/post"}],"author":[{"embeddable":true,"href":"https:\/\/editorialperegrino.com\/blog\/wp-json\/wp\/v2\/users\/1"}],"replies":[{"embeddable":true,"href":"https:\/\/editorialperegrino.com\/blog\/wp-json\/wp\/v2\/comments?post=1406"}],"version-history":[{"count":0,"href":"https:\/\/editorialperegrino.com\/blog\/wp-json\/wp\/v2\/posts\/1406\/revisions"}],"wp:featuredmedia":[{"embeddable":true,"href":"https:\/\/editorialperegrino.com\/blog\/wp-json\/wp\/v2\/media\/1407"}],"wp:attachment":[{"href":"https:\/\/editorialperegrino.com\/blog\/wp-json\/wp\/v2\/media?parent=1406"}],"wp:term":[{"taxonomy":"category","embeddable":true,"href":"https:\/\/editorialperegrino.com\/blog\/wp-json\/wp\/v2\/categories?post=1406"},{"taxonomy":"post_tag","embeddable":true,"href":"https:\/\/editorialperegrino.com\/blog\/wp-json\/wp\/v2\/tags?post=1406"}],"curies":[{"name":"wp","href":"https:\/\/api.w.org\/{rel}","templated":true}]}}