{"id":1391,"date":"2013-04-29T15:29:51","date_gmt":"2013-04-29T15:29:51","guid":{"rendered":"http:\/\/editorialperegrino.com\/?p=1391"},"modified":"2013-04-29T15:29:51","modified_gmt":"2013-04-29T15:29:51","slug":"sanos-y-salvos","status":"publish","type":"post","link":"https:\/\/editorialperegrino.com\/blog\/sanos-y-salvos\/","title":{"rendered":"\u00bfSanos y salvos?"},"content":{"rendered":"<h2>\u00bfSanos y salvos?<\/h2>\n<p>En la iglesia ayer estuvimos mirando el pasaje de <strong>Hechos 14<\/strong> donde Pablo y Bernab\u00e9 se encuentran en Listra y sanan al al hombre lisiado de los dos pies. \u00a1Qu\u00e9 alboroto entre la gente! Hasta quieren pensar que los ap\u00f3stoles son dioses bajados del cielo. Y esto no dista mucho de c\u00f3mo reacciona la gente hoy. Aunque muchos, en la pr\u00e1ctica, no creen en Dios, siguen creyendo en los dioses, los santos y las v\u00edrgenes. Y cualquier cosa que huele a sobrenatural se atribuye a los que menos poder tienen para haberlo hecho.<\/p>\n<p>Los cristianos <strong>tenemos un Dios poderoso<\/strong>, que es el Todopoderoso. Un Dios que sigue hoy con el mismo poder para sanar como en los tiempos b\u00edblicos; quien no cree esto no tiene derecho a llamarse cristiano. Y nos estimula mucho la idea de que este Dios todopoderoso podr\u00eda responder a nuestras oraciones de una forma sobrenatural para sanar al enfermo. Es que oramos oramos al Dios que puede hacer abundantemente por encima de lo que pensamos o pedimos.<\/p>\n<p>Pero venimos delante de la cruz. Vemos all\u00ed a Jes\u00fas. Un cuerpo maltratado, el hombre dolorido. Un cuerpo que necesita urgentemente ser sanado. Pero all\u00ed se queda. Porque <strong>no le interesa la sanidad<\/strong> propia, ni la sanidad del cuerpo de su pueblo, sino la sanidad del sus almas. Y es precisamente por el cuerpo malherido del Se\u00f1or Jesucristo que el ser humano pecador puede recibir la total sanidad de su alma.<\/p>\n<h3>Nos quedamos cortos<\/h3>\n<p>Por eso es triste ver c\u00f3mo algunos se quedan en los milagros de Jes\u00fas, sin ir a m\u00e1s. Es muy f\u00e1cil quedarnos mirando los milagros, centr\u00e1ndonos en ellos, incluso intentando organizar encuentros para que haya milagros \u00abbajo demanda\u00bb. Y por supuesto, no queremos limitar a Dios. Pero es que hay mucho m\u00e1s. <strong>Todo lo que nos ofrece Dios no se queda en un simple milagro<\/strong>. Jesucristo mismo nos dijo que era mejor entrar en el cielo con un ojo que ir a la condenaci\u00f3n con dos. Para \u00e9l, y as\u00ed lo demuestran los Evangelios, los milagros eran un apoyo a su ministerio y no la meta final. En Juan 10:38 Jes\u00fas claramente pone a sus milagros por debajo de sus palabras y su persona. En otras palabras, nadie llega al cielo por creer que Jes\u00fas hac\u00eda milagros o por haber sido sanado f\u00edsicamente por Dios, sino porque Dios le ha sanado el alma por medio de la muerte, la entrega del cuerpo y la sangre de nuestro Se\u00f1or Jesucristo en la cruz.<\/p>\n<h3>\u00a1Sanos y salvos!<\/h3>\n<p>Y si lo pensamos bien, \u00bfcu\u00e1l es el mejor milagro: qu\u00e9 me sane el cuerpo que dentro de poco volver\u00e1 a ser polvo en la tumba, o que me sane el alma que va a alabar a Dios eternamente unida a una cuerpo glorificado y sano? Al creyente le espera un futuro glorioso, sano, perfecto, sin l\u00e1grimas, un futuro que nunca acabar\u00e1. Y lo tenemos regalado gracias a la gracia inmensa e inmerecida de nuestro Dios. <strong>\u00a1Cu\u00e1n grande es el evangelio de mi Dios!<\/strong><\/p>\n<p>Bueno, esto es lo que saqu\u00e9 del serm\u00f3n de ayer. Me ayud\u00f3 a m\u00ed, y espero que al compartirlo te haya ayudado a ti tambi\u00e9n.<\/p>\n<p><a href=\"https:\/\/editorialperegrino.com\/blog\/wp-content\/uploads\/Mateo.jpg\"><img loading=\"lazy\" alt=\"OLYMPUS DIGITAL CAMERA\" src=\"https:\/\/editorialperegrino.com\/blog\/wp-content\/uploads\/Mateo-252x300.jpg\" width=\"63\" height=\"75\" \/><\/a><a href=\"https:\/\/editorialperegrino.com\/blog\/wp-content\/uploads\/Firma-MPH002.png\"><img loading=\"lazy\" alt=\"Firma-MPH002\" src=\"https:\/\/editorialperegrino.com\/blog\/wp-content\/uploads\/Firma-MPH002-300x135.png\" width=\"175\" height=\"85\" \/><\/a><\/p>\n<p>Mateo Hill \u00a0\u00a0<a title=\"director@editorialperegrino.com\" href=\"mailto:director@editorialperegrino.com\">administracion@editorialperegrino.com<\/a><\/p>\n<div><em>Se permite la reproducci\u00f3n de este art\u00edculo siempre que se cite su procedencia y se indique la direcci\u00f3n de nuestra p\u00e1gina web.<\/em><\/div>\n","protected":false},"excerpt":{"rendered":"<p>\u00bfSanos y salvos? En la iglesia ayer estuvimos mirando el pasaje de Hechos 14 donde Pablo y Bernab\u00e9 se encuentran en Listra y sanan al al hombre lisiado de los&#8230;<\/p>\n","protected":false},"author":4,"featured_media":1392,"comment_status":"open","ping_status":"open","sticky":false,"template":"","format":"standard","meta":{"_links_to":"","_links_to_target":""},"categories":[5],"tags":[59],"_links":{"self":[{"href":"https:\/\/editorialperegrino.com\/blog\/wp-json\/wp\/v2\/posts\/1391"}],"collection":[{"href":"https:\/\/editorialperegrino.com\/blog\/wp-json\/wp\/v2\/posts"}],"about":[{"href":"https:\/\/editorialperegrino.com\/blog\/wp-json\/wp\/v2\/types\/post"}],"author":[{"embeddable":true,"href":"https:\/\/editorialperegrino.com\/blog\/wp-json\/wp\/v2\/users\/4"}],"replies":[{"embeddable":true,"href":"https:\/\/editorialperegrino.com\/blog\/wp-json\/wp\/v2\/comments?post=1391"}],"version-history":[{"count":0,"href":"https:\/\/editorialperegrino.com\/blog\/wp-json\/wp\/v2\/posts\/1391\/revisions"}],"wp:featuredmedia":[{"embeddable":true,"href":"https:\/\/editorialperegrino.com\/blog\/wp-json\/wp\/v2\/media\/1392"}],"wp:attachment":[{"href":"https:\/\/editorialperegrino.com\/blog\/wp-json\/wp\/v2\/media?parent=1391"}],"wp:term":[{"taxonomy":"category","embeddable":true,"href":"https:\/\/editorialperegrino.com\/blog\/wp-json\/wp\/v2\/categories?post=1391"},{"taxonomy":"post_tag","embeddable":true,"href":"https:\/\/editorialperegrino.com\/blog\/wp-json\/wp\/v2\/tags?post=1391"}],"curies":[{"name":"wp","href":"https:\/\/api.w.org\/{rel}","templated":true}]}}