{"id":1334,"date":"2013-04-15T11:58:51","date_gmt":"2013-04-15T11:58:51","guid":{"rendered":"http:\/\/editorialperegrino.com\/?p=1334"},"modified":"2013-04-15T12:06:02","modified_gmt":"2013-04-15T12:06:02","slug":"la-palabra-y-las-palabras-2","status":"publish","type":"post","link":"https:\/\/editorialperegrino.com\/blog\/la-palabra-y-las-palabras-2\/","title":{"rendered":"La Palabra y las palabras"},"content":{"rendered":"<p><a href=\"https:\/\/editorialperegrino.com\/blog\/wp-content\/uploads\/Reforma_Prismaticos_WEB.jpg\"><img loading=\"lazy\" class=\"alignleft size-thumbnail wp-image-1337\" style=\"margin-left: 5px; margin-right: 5px;\" alt=\"Reforma_Prismaticos_WEB\" src=\"https:\/\/editorialperegrino.com\/blog\/wp-content\/uploads\/Reforma_Prismaticos_WEB-150x150.jpg\" width=\"150\" height=\"150\" srcset=\"https:\/\/editorialperegrino.com\/blog\/wp-content\/uploads\/Reforma_Prismaticos_WEB-150x150.jpg 150w, https:\/\/editorialperegrino.com\/blog\/wp-content\/uploads\/Reforma_Prismaticos_WEB.jpg 300w\" sizes=\"(max-width: 150px) 100vw, 150px\" \/><\/a><\/p>\n<h2>\u00bfRedescubri\u00f3 algo la Reforma?<\/h2>\n<p>Sin duda alguna, muchos de nosotros habremos hecho referencia en alguna ocasi\u00f3n a las doctrinas y principios <strong>\u201credescubiertos\u201d<\/strong> por la Reforma. Nadie, desde luego, puede poner en tela de juicio la veracidad y relevancia de la idea que con esta expresi\u00f3n se quiere comunicar a los oyentes o lectores. Lo que s\u00ed es cuestionable es la forma en que la expresamos.<\/p>\n<p>Que se pueden \u201cdescubrir\u201d cosas en todos los \u00e1mbitos del saber y la ciencia humanos es innegable. Incluido, por supuesto, el terreno religioso. \u00bfPero es posible ling\u00fc\u00edstica y realmente \u201credescubrir\u201d cualquier cosa de cualquier tipo? En otras palabras, si una cosa est\u00e1 ya descubierta, <strong>\u00bfes posible descubrir la misma cosa de nuevo?<\/strong> \u00bfPodr\u00eda, por ejemplo, cualquier multimillonario organizar una expedici\u00f3n con tres carabelas (o tres yates) y \u201credescubrir\u201d el continente transatl\u00e1ntico, atribuy\u00e9ndose as\u00ed el honor de ser el \u201credescubridor de Am\u00e9rica?<\/p>\n<h2>S\u00ed y no<\/h2>\n<p>La respuesta a la cuesti\u00f3n que planteamos no es tan f\u00e1cil como a simple vista parece: <strong>hay divisi\u00f3n de opiniones<\/strong>. Por un lado, tenemos a nuestros vecinos brit\u00e1nicos que en su c\u00e9lebre diccionario de Oxford aceptan y definen lac\u00f3nicamente el verbo \u201credescubrir\u201d como \u201cdescubrir de nuevo\u201d. De entrada, me causa una cierta extra\u00f1eza que los ingleses, tan proclives ellos al reduccionismo sil\u00e1bico, se hayan dejado llevar por la exuberancia con el verbo \u201credescubrir\u201d. (T\u00e9ngase en cuenta que en el idioma ingl\u00e9s \u2013formado por muchos monos\u00edlabos y b\u00eds\u00edlabos\u2013 dedicar cuatro s\u00edlabas a una palabra constituye todo un despilfarro gramatical.) Pero su opini\u00f3n es tan respetable como cualquier otra.<\/p>\n<p>Aqu\u00ed en el solar patrio, sin embargo, nuestros ling\u00fcistas parecen ver las cosas de otro modo. Consultada la autoridad m\u00e1xima en estas lides, nuestra inmerecidamente denostada <strong>Real Academia<\/strong>, vemos que en su conocido Diccionario el verbo no aparece por ning\u00fan lado. Pensando que la Academia pudiera ser excesivamente conservadora, acudimos a nuestra insigne <strong>Mar\u00eda Moliner<\/strong>, que en general mani\u00adfiesta una manga bastante m\u00e1s ancha en su Diccionario de uso del espa\u00f1ol que la de sus sesudos colegas acad\u00e9micos; pero no, silencio total al respecto. Ella, que tantos anglicismos incluye, no se digna a incorporar el verbo ni siquiera con alguna salvedad.<\/p>\n<h2>Definitivamente&#8230;<\/h2>\n<p>Clamando ya por alguna aclaraci\u00f3n, acudimos a <strong>Fernando Corripio<\/strong>, menos conocido quiz\u00e1 pero bastante pr\u00e1ctico. Por fin, en su Diccionario de incorrecciones, aclara nuestra duda. Hallado el verbo \u201credescubrir\u201d con el asterisco que denota incorrecci\u00f3n, D. Fernando sentencia con l\u00f3gica aplastante: \u201cEs incorrecto, pues s\u00f3lo se descubre una vez.\u201d Y como ayuda para los perplejos usuarios de la lengua, a\u00f1ade: \u201cD\u00edgase descubrir, restablecer, recordar.\u201d<\/p>\n<p>La disyuntiva, pues, est\u00e1 servida. Los que, influidos por textos ingleses le\u00eddos o traducidos, sigan el concepto oxoniense e insistan en hablar de las cosas \u201credescubiertas\u201d por la Reforma, tienen libertad de hacerlo: \u00a1no ser\u00e1n multados ni encarcelados por ello!<\/p>\n<p>Los que, guiados por nuestra Academia (\u00a1que a veces tiene raz\u00f3n!), <strong>prefiramos hablar de lo que descubri\u00f3 la Reforma<\/strong>, pedimos la misma libertad, sin que por ello se nos acuse de decir que la Reforma invent\u00f3 cosa alguna. No, simplemente descubri\u00f3 lo que hab\u00eda estado cubierto por siglos de tradiciones, oscurantismo y dogmas eclesi\u00e1sticos.<\/p>\n<p><strong>P.D.\u00a0<\/strong>Al pasar el corrector ortogr\u00e1fico de mi ordenador al anterior art\u00edculo, no me ha aceptado el t\u00e9rmino \u201credescubrir\u201d sugiriendo que lo \u201cignore\u201d (supongo que quiere decir que lo \u201cpase por alto\u201d, pues no puedo negar que lo conozco). Yo he aceptado la sugerencia, \u00a1pero s\u00f3lo por esta vez!<\/p>\n<p><a href=\"https:\/\/editorialperegrino.com\/blog\/trabajos-divinos\/olympus-digital-camera\/\" rel=\"attachment wp-att-967\"><img loading=\"lazy\" title=\"OLYMPUS DIGITAL CAMERA\" alt=\"\" src=\"https:\/\/editorialperegrino.com\/blog\/wp-content\/uploads\/Demetrio-150x150.jpg\" width=\"63\" height=\"63\" \/><\/a>\u00a0\u00a0<img loading=\"lazy\" alt=\"Firma DC transparente\" src=\"https:\/\/editorialperegrino.com\/blog\/wp-content\/uploads\/Firma-DC-transparente.png\" width=\"112\" height=\"46\" \/><\/p>\n<p>Demetrio C\u00e1novas \u00a0\u00a0<a title=\"director@editorialperegrino.com\" href=\"mailto:director@editorialperegrino.com\">director@editorialperegrino.com<\/a><\/p>\n<p>Este art\u00edculo pertenece a la serie \u201c<a title=\"La Palabra y las palabras\" href=\"https:\/\/editorialperegrino.com\/blog\/category\/la-palabra-y-las-palabras\/\">La Palabra y las palabras<\/a>\u201c<\/p>\n<div><em>Se permite la reproducci\u00f3n de este art\u00edculo siempre que se cite su procedencia y se indique la direcci\u00f3n de nuestra p\u00e1gina web.<\/em><\/div>\n","protected":false},"excerpt":{"rendered":"<p>\u00bfRedescubri\u00f3 algo la Reforma? Sin duda alguna, muchos de nosotros habremos hecho referencia en alguna ocasi\u00f3n a las doctrinas y principios \u201credescubiertos\u201d por la Reforma. Nadie, desde luego, puede poner&#8230;<\/p>\n","protected":false},"author":4,"featured_media":1337,"comment_status":"open","ping_status":"open","sticky":false,"template":"","format":"standard","meta":{"_links_to":"","_links_to_target":""},"categories":[5,57],"tags":[66],"_links":{"self":[{"href":"https:\/\/editorialperegrino.com\/blog\/wp-json\/wp\/v2\/posts\/1334"}],"collection":[{"href":"https:\/\/editorialperegrino.com\/blog\/wp-json\/wp\/v2\/posts"}],"about":[{"href":"https:\/\/editorialperegrino.com\/blog\/wp-json\/wp\/v2\/types\/post"}],"author":[{"embeddable":true,"href":"https:\/\/editorialperegrino.com\/blog\/wp-json\/wp\/v2\/users\/4"}],"replies":[{"embeddable":true,"href":"https:\/\/editorialperegrino.com\/blog\/wp-json\/wp\/v2\/comments?post=1334"}],"version-history":[{"count":0,"href":"https:\/\/editorialperegrino.com\/blog\/wp-json\/wp\/v2\/posts\/1334\/revisions"}],"wp:featuredmedia":[{"embeddable":true,"href":"https:\/\/editorialperegrino.com\/blog\/wp-json\/wp\/v2\/media\/1337"}],"wp:attachment":[{"href":"https:\/\/editorialperegrino.com\/blog\/wp-json\/wp\/v2\/media?parent=1334"}],"wp:term":[{"taxonomy":"category","embeddable":true,"href":"https:\/\/editorialperegrino.com\/blog\/wp-json\/wp\/v2\/categories?post=1334"},{"taxonomy":"post_tag","embeddable":true,"href":"https:\/\/editorialperegrino.com\/blog\/wp-json\/wp\/v2\/tags?post=1334"}],"curies":[{"name":"wp","href":"https:\/\/api.w.org\/{rel}","templated":true}]}}